{"id":70196,"date":"2017-07-18T12:31:27","date_gmt":"2017-07-18T15:31:27","guid":{"rendered":"http:\/\/www.elsindical.com.ar\/notas\/?p=70196"},"modified":"2017-07-18T12:31:27","modified_gmt":"2017-07-18T15:31:27","slug":"cencosud-cerro-una-sucursal-en-quilmes","status":"publish","type":"post","link":"https:\/\/www.elsindical.com.ar\/notas\/cencosud-cerro-una-sucursal-en-quilmes\/","title":{"rendered":"Cencosud: cerr\u00f3 una sucursal en Quilmes"},"content":{"rendered":"<p><em>\u00a0 <a href=\"http:\/\/www.elsindical.com.ar\/notas\/var\/www\/html\/notas\/wp-content\/uploads\/2017\/07\/cierre-Cencosud-Quilmes.jpg\"><img loading=\"lazy\" decoding=\"async\" class=\"alignnone size-medium wp-image-70197\" src=\"http:\/\/www.elsindical.com.ar\/notas\/var\/www\/html\/notas\/wp-content\/uploads\/2017\/07\/cierre-Cencosud-Quilmes-300x160.jpg\" alt=\"\" width=\"300\" height=\"160\" srcset=\"https:\/\/www.elsindical.com.ar\/notas\/var\/www\/html\/notas\/wp-content\/uploads\/2017\/07\/cierre-Cencosud-Quilmes-300x160.jpg 300w, https:\/\/www.elsindical.com.ar\/notas\/var\/www\/html\/notas\/wp-content\/uploads\/2017\/07\/cierre-Cencosud-Quilmes-500x266.jpg 500w, https:\/\/www.elsindical.com.ar\/notas\/var\/www\/html\/notas\/wp-content\/uploads\/2017\/07\/cierre-Cencosud-Quilmes.jpg 639w\" sizes=\"auto, (max-width: 300px) 100vw, 300px\" \/><\/a>El grupo chileno ahora cerr\u00f3 una sucursal de Blaisten en Quilmes. El personal, de la zona, fue reubicado en sucursales de la Ciudad de Buenos Aires.<\/em><\/p>\n<div class=\"cuerponota mb50\">\n<p>El Grupo Cencosud sigue con su pol\u00edtica de achique, acompa\u00f1ando la ca\u00edda de consumo. Tras los despidos en la Ciudad de Buenos Aires, ahora lleg\u00f3 el turno del cierre de una de sus bocas de expendio en el Conurbano sur.<\/p>\n<p>Concretamente, Blaisten, hipermercado de materiales de construcci\u00f3n y amoblamientos del hogar cerr\u00f3 sorpresivamente su sucursal ubicada en Quilmes y dispuso el traslado de todo su personal, de la zona, a las sucursales de Barracas y Palermo en la Ciudad de Buenos Aires.<\/p>\n<p>El motivo para bajar la persiana que les transmitieron a los empleados, representados por el Sindicato de Comercio, fue la ca\u00edda sostenida de las ventas producto de la crisis del mercado interno nacional.<\/p>\n<p>El Grupo Cencosud es una multinacional de capital chileno due\u00f1a de Jumbo, Disco, Blastein, Plaza Vea y Easy, que en Argentina emplea alrededor de 15 mil trabajadores y que en las \u00faltimas desat\u00f3 una fuerte ofensiva contra su personal.<\/p>\n<p>El Grupo empez\u00f3 con la reducci\u00f3n de puestos de trabajo por goteo. Con la idea de reducir costos, pero fundamentalmente con el objetivo de disciplinar la organizaci\u00f3n gremial en sus establecimientos, en 72 horas fueron despedidos m\u00e1s de 20 empleados en Jumbo y en Disco.<\/p>\n<p>Por ello y por el nuevo cierre de una sucursal,\u00a0el gremio dispuso para el mi\u00e9rcoles 19 una movilizaci\u00f3n a la cartera laboral. All\u00ed le solicitar\u00e1n al ministerio de Trabajo que dicte conciliaci\u00f3n obligatoria, que reincorporen a los cesanteados y que el Grupo Cencosud detenga las persecuciones a la organizaci\u00f3n sindical en sus establecimientos.<\/p>\n<\/div>\n","protected":false},"excerpt":{"rendered":"<p>\u00a0 El grupo chileno ahora cerr\u00f3 una sucursal de Blaisten en Quilmes. El personal, de la zona, fue reubicado en sucursales de la Ciudad de Buenos Aires. El Grupo Cencosud sigue con su pol\u00edtica de achique, acompa\u00f1ando la ca\u00edda de consumo. Tras los despidos en la Ciudad de Buenos Aires, ahora lleg\u00f3 el turno del&hellip;<\/p>\n","protected":false},"author":1,"featured_media":0,"comment_status":"open","ping_status":"open","sticky":false,"template":"","format":"standard","meta":{"footnotes":""},"categories":[28],"tags":[3703,2258,684],"class_list":["post-70196","post","type-post","status-publish","format-standard","hentry","category-empresariales","tag-cencosud","tag-cierre","tag-quilmes"],"_links":{"self":[{"href":"https:\/\/www.elsindical.com.ar\/notas\/wp-json\/wp\/v2\/posts\/70196","targetHints":{"allow":["GET"]}}],"collection":[{"href":"https:\/\/www.elsindical.com.ar\/notas\/wp-json\/wp\/v2\/posts"}],"about":[{"href":"https:\/\/www.elsindical.com.ar\/notas\/wp-json\/wp\/v2\/types\/post"}],"author":[{"embeddable":true,"href":"https:\/\/www.elsindical.com.ar\/notas\/wp-json\/wp\/v2\/users\/1"}],"replies":[{"embeddable":true,"href":"https:\/\/www.elsindical.com.ar\/notas\/wp-json\/wp\/v2\/comments?post=70196"}],"version-history":[{"count":1,"href":"https:\/\/www.elsindical.com.ar\/notas\/wp-json\/wp\/v2\/posts\/70196\/revisions"}],"predecessor-version":[{"id":70198,"href":"https:\/\/www.elsindical.com.ar\/notas\/wp-json\/wp\/v2\/posts\/70196\/revisions\/70198"}],"wp:attachment":[{"href":"https:\/\/www.elsindical.com.ar\/notas\/wp-json\/wp\/v2\/media?parent=70196"}],"wp:term":[{"taxonomy":"category","embeddable":true,"href":"https:\/\/www.elsindical.com.ar\/notas\/wp-json\/wp\/v2\/categories?post=70196"},{"taxonomy":"post_tag","embeddable":true,"href":"https:\/\/www.elsindical.com.ar\/notas\/wp-json\/wp\/v2\/tags?post=70196"}],"curies":[{"name":"wp","href":"https:\/\/api.w.org\/{rel}","templated":true}]}}