{"id":70042,"date":"2017-07-13T01:23:04","date_gmt":"2017-07-13T04:23:04","guid":{"rendered":"http:\/\/www.elsindical.com.ar\/notas\/?p=70042"},"modified":"2017-07-13T01:23:04","modified_gmt":"2017-07-13T04:23:04","slug":"las-pelotas-hicieron-vibrar-la-trastienda","status":"publish","type":"post","link":"https:\/\/www.elsindical.com.ar\/notas\/las-pelotas-hicieron-vibrar-la-trastienda\/","title":{"rendered":"Las Pelotas hicieron vibrar La Trastienda"},"content":{"rendered":"<p><em>\u00a0\u00a0 <a href=\"http:\/\/www.elsindical.com.ar\/notas\/var\/www\/html\/notas\/wp-content\/uploads\/2017\/07\/DSC02435.jpg\"><img loading=\"lazy\" decoding=\"async\" class=\"alignnone size-medium wp-image-70043\" src=\"http:\/\/www.elsindical.com.ar\/notas\/var\/www\/html\/notas\/wp-content\/uploads\/2017\/07\/DSC02435-300x216.jpg\" alt=\"\" width=\"300\" height=\"216\" srcset=\"https:\/\/www.elsindical.com.ar\/notas\/var\/www\/html\/notas\/wp-content\/uploads\/2017\/07\/DSC02435-300x216.jpg 300w, https:\/\/www.elsindical.com.ar\/notas\/var\/www\/html\/notas\/wp-content\/uploads\/2017\/07\/DSC02435-417x300.jpg 417w, https:\/\/www.elsindical.com.ar\/notas\/var\/www\/html\/notas\/wp-content\/uploads\/2017\/07\/DSC02435.jpg 738w\" sizes=\"auto, (max-width: 300px) 100vw, 300px\" \/><\/a>La banda musical Las Pelotas, volvi\u00f3 a hacer vibrar La Trastienda, con recitales los d\u00edas 11, 12 y 14 de julio, completan sus presentaciones en el conocido lugar de recitales en Capital Federal.<\/em><\/p>\n<p>Con una impecable organizaci\u00f3n y la muy buena atenci\u00f3n que brindan a sus clientes, el recital no defraud\u00f3 a nadie y la noche fue una fiesta con temas de su \u00faltimo disco y cl\u00e1sicos que hicieron cantar, bailar y delirar a los presentes.<\/p>\n<p>El pogo fue el gran protagonista, ya que ha ido creciendo en los recitales de Las Pelotas y muchos se entregan a expresar su pasi\u00f3n.<\/p>\n<p><a href=\"http:\/\/www.elsindical.com.ar\/notas\/var\/www\/html\/notas\/wp-content\/uploads\/2017\/07\/DSC_0009.jpg\"><img loading=\"lazy\" decoding=\"async\" class=\"alignnone size-medium wp-image-70044\" src=\"http:\/\/www.elsindical.com.ar\/notas\/var\/www\/html\/notas\/wp-content\/uploads\/2017\/07\/DSC_0009-300x201.jpg\" alt=\"\" width=\"300\" height=\"201\" srcset=\"https:\/\/www.elsindical.com.ar\/notas\/var\/www\/html\/notas\/wp-content\/uploads\/2017\/07\/DSC_0009-300x201.jpg 300w, https:\/\/www.elsindical.com.ar\/notas\/var\/www\/html\/notas\/wp-content\/uploads\/2017\/07\/DSC_0009-448x300.jpg 448w, https:\/\/www.elsindical.com.ar\/notas\/var\/www\/html\/notas\/wp-content\/uploads\/2017\/07\/DSC_0009.jpg 738w\" sizes=\"auto, (max-width: 300px) 100vw, 300px\" \/><\/a><\/p>\n<p><iframe loading=\"lazy\" src=\"https:\/\/player.vimeo.com\/video\/225350854\" width=\"580\" height=\"420\" frameborder=\"0\" allowfullscreen=\"allowfullscreen\"><\/iframe><\/p>\n<p><a href=\"https:\/\/vimeo.com\/225350854\">Si supiera &#8211; Las Pelotas 12 de julio 2017 La Trastienda<\/a> from <a href=\"https:\/\/vimeo.com\/hawrylciw\">Marcelo Ricardo Hawrylciw<\/a> on <a href=\"https:\/\/vimeo.com\">Vimeo<\/a>.<\/p>\n","protected":false},"excerpt":{"rendered":"<p>\u00a0\u00a0 La banda musical Las Pelotas, volvi\u00f3 a hacer vibrar La Trastienda, con recitales los d\u00edas 11, 12 y 14 de julio, completan sus presentaciones en el conocido lugar de recitales en Capital Federal. Con una impecable organizaci\u00f3n y la muy buena atenci\u00f3n que brindan a sus clientes, el recital no defraud\u00f3 a nadie y&hellip;<\/p>\n","protected":false},"author":1,"featured_media":0,"comment_status":"open","ping_status":"open","sticky":false,"template":"","format":"standard","meta":{"footnotes":""},"categories":[15],"tags":[26508,17306,16983,2246,719],"class_list":["post-70042","post","type-post","status-publish","format-standard","hentry","category-espectaculos","tag-la-trastienda","tag-las-pelotas","tag-pogo","tag-publico","tag-recital"],"_links":{"self":[{"href":"https:\/\/www.elsindical.com.ar\/notas\/wp-json\/wp\/v2\/posts\/70042","targetHints":{"allow":["GET"]}}],"collection":[{"href":"https:\/\/www.elsindical.com.ar\/notas\/wp-json\/wp\/v2\/posts"}],"about":[{"href":"https:\/\/www.elsindical.com.ar\/notas\/wp-json\/wp\/v2\/types\/post"}],"author":[{"embeddable":true,"href":"https:\/\/www.elsindical.com.ar\/notas\/wp-json\/wp\/v2\/users\/1"}],"replies":[{"embeddable":true,"href":"https:\/\/www.elsindical.com.ar\/notas\/wp-json\/wp\/v2\/comments?post=70042"}],"version-history":[{"count":1,"href":"https:\/\/www.elsindical.com.ar\/notas\/wp-json\/wp\/v2\/posts\/70042\/revisions"}],"predecessor-version":[{"id":70045,"href":"https:\/\/www.elsindical.com.ar\/notas\/wp-json\/wp\/v2\/posts\/70042\/revisions\/70045"}],"wp:attachment":[{"href":"https:\/\/www.elsindical.com.ar\/notas\/wp-json\/wp\/v2\/media?parent=70042"}],"wp:term":[{"taxonomy":"category","embeddable":true,"href":"https:\/\/www.elsindical.com.ar\/notas\/wp-json\/wp\/v2\/categories?post=70042"},{"taxonomy":"post_tag","embeddable":true,"href":"https:\/\/www.elsindical.com.ar\/notas\/wp-json\/wp\/v2\/tags?post=70042"}],"curies":[{"name":"wp","href":"https:\/\/api.w.org\/{rel}","templated":true}]}}