{"id":69951,"date":"2017-07-10T12:44:52","date_gmt":"2017-07-10T15:44:52","guid":{"rendered":"http:\/\/www.elsindical.com.ar\/notas\/?p=69951"},"modified":"2017-07-10T12:44:52","modified_gmt":"2017-07-10T15:44:52","slug":"dura-critica-de-la-federacion-agraria-a-vidal-esto-ya-lo-vimos-en-los-anos-90","status":"publish","type":"post","link":"https:\/\/www.elsindical.com.ar\/notas\/dura-critica-de-la-federacion-agraria-a-vidal-esto-ya-lo-vimos-en-los-anos-90\/","title":{"rendered":"Dura cr\u00edtica de la Federaci\u00f3n Agraria a Vidal: \u201cEsto ya lo vimos en los a\u00f1os 90\u201d"},"content":{"rendered":"<p class=\"bajada\"><em><a href=\"http:\/\/www.elsindical.com.ar\/notas\/var\/www\/html\/notas\/wp-content\/uploads\/2017\/07\/Jorge-Solmi.jpg\"><img loading=\"lazy\" decoding=\"async\" class=\"alignnone size-medium wp-image-69952\" src=\"http:\/\/www.elsindical.com.ar\/notas\/var\/www\/html\/notas\/wp-content\/uploads\/2017\/07\/Jorge-Solmi-300x179.jpg\" alt=\"\" width=\"300\" height=\"179\" srcset=\"https:\/\/www.elsindical.com.ar\/notas\/var\/www\/html\/notas\/wp-content\/uploads\/2017\/07\/Jorge-Solmi-300x179.jpg 300w, https:\/\/www.elsindical.com.ar\/notas\/var\/www\/html\/notas\/wp-content\/uploads\/2017\/07\/Jorge-Solmi-500x298.jpg 500w, https:\/\/www.elsindical.com.ar\/notas\/var\/www\/html\/notas\/wp-content\/uploads\/2017\/07\/Jorge-Solmi.jpg 620w\" sizes=\"auto, (max-width: 300px) 100vw, 300px\" \/><\/a>\u00a0 El Coordinador bonaerense de FFA, Jorge Solmi, dispar\u00f3 contra Mar\u00eda Eugenia Vidal y el ministro de Econom\u00eda de la Provincia, Hern\u00e1n Lacunza, comparo el presente con los \u201890 y denunci\u00f3 que \u201cmientras los de arriba est\u00e1n bien los de abajo se funden\u201d.<\/em><\/p>\n<p>El coordinador bonaerense de la Federaci\u00f3n Agraria Argentina, Jorge Solmi, critic\u00f3 duramente al gobierno provincial que conduce mar\u00eda Eugenia Vidal, por los reclamos insatisfechos del sector que representa.<\/p>\n<p>En declaraciones al canal QM Agro, Solmi asegur\u00f3: \u201cNosotros vemos una provincia lapidada productivamente y bajo el agua. Despu\u00e9s de un a\u00f1o y medio de gesti\u00f3n la obra no arranc\u00f3, las ayudas no llegan y los decretos de emergencia se demoran\u201d.<\/p>\n<p>En referencia a la postura econ\u00f3mica del gobierno, Solmi tild\u00f3 de \u201cnecio\u201d al Ministro de Econom\u00eda, Hern\u00e1n Lacunza, y se quej\u00f3 de la falta de pol\u00edticas agropecuarias. \u201cCreen que por modificar el tipo de cambio y cambiar el r\u00e9gimen de retenciones, el campo pas\u00f3 a tener beneficios espectaculares, pero la realidad es que sufrimos un 40% de inflaci\u00f3n en d\u00f3lares, la gente dej\u00f3 de consumir y se ven complicaciones en el sector\u201d.<\/p>\n<p>Sobre la fuerte presi\u00f3n fiscal, Jorge Solmi plante\u00f3 que el campo est\u00e1 dispuesto a pagar los impuestos, pero \u201cno quiere ser el primero en la fila\u201d, que existe en el sistema recaudatorio una inequidad entre los que tienen mucho y los que tienen poco, y denunci\u00f3 una persecuci\u00f3n permanente, ya que las intimaciones llegan a los domicilios electr\u00f3nicos y en muchos sectores del campo hay falta de conectividad: \u201cc\u00f3mo un productor de edad se va a enterar de que le lleg\u00f3 un reval\u00fao de 15 mil partidas y que tiene 10 d\u00edas para contestarlo si le llega al correo electr\u00f3nico\u201d.<\/p>\n<p>Adem\u00e1s de la reuni\u00f3n de la Mesa Agropecuaria tambi\u00e9n participaron el ministro de agroindustria, Leonardo Sarqu\u00eds, y el de Ministro de Econom\u00eda, Hern\u00e1n Lacunza. Desde la FFA esperan que la visi\u00f3n del gobierno cambie para volver a dialogar en la Mesa Tributaria que se llevar\u00e1 a cabo el pr\u00f3ximo 14 de julio.<\/p>\n","protected":false},"excerpt":{"rendered":"<p>\u00a0 El Coordinador bonaerense de FFA, Jorge Solmi, dispar\u00f3 contra Mar\u00eda Eugenia Vidal y el ministro de Econom\u00eda de la Provincia, Hern\u00e1n Lacunza, comparo el presente con los \u201890 y denunci\u00f3 que \u201cmientras los de arriba est\u00e1n bien los de abajo se funden\u201d. El coordinador bonaerense de la Federaci\u00f3n Agraria Argentina, Jorge Solmi, critic\u00f3 duramente&hellip;<\/p>\n","protected":false},"author":1,"featured_media":0,"comment_status":"open","ping_status":"open","sticky":false,"template":"","format":"standard","meta":{"footnotes":""},"categories":[9],"tags":[26491,25883,26490,7265,4901],"class_list":["post-69951","post","type-post","status-publish","format-standard","hentry","category-economia","tag-federacion-agraria-argentina","tag-hernan-lacunza","tag-jorge-solmi","tag-maria-eugenia-vidal","tag-ministro-de-economia"],"_links":{"self":[{"href":"https:\/\/www.elsindical.com.ar\/notas\/wp-json\/wp\/v2\/posts\/69951","targetHints":{"allow":["GET"]}}],"collection":[{"href":"https:\/\/www.elsindical.com.ar\/notas\/wp-json\/wp\/v2\/posts"}],"about":[{"href":"https:\/\/www.elsindical.com.ar\/notas\/wp-json\/wp\/v2\/types\/post"}],"author":[{"embeddable":true,"href":"https:\/\/www.elsindical.com.ar\/notas\/wp-json\/wp\/v2\/users\/1"}],"replies":[{"embeddable":true,"href":"https:\/\/www.elsindical.com.ar\/notas\/wp-json\/wp\/v2\/comments?post=69951"}],"version-history":[{"count":1,"href":"https:\/\/www.elsindical.com.ar\/notas\/wp-json\/wp\/v2\/posts\/69951\/revisions"}],"predecessor-version":[{"id":69953,"href":"https:\/\/www.elsindical.com.ar\/notas\/wp-json\/wp\/v2\/posts\/69951\/revisions\/69953"}],"wp:attachment":[{"href":"https:\/\/www.elsindical.com.ar\/notas\/wp-json\/wp\/v2\/media?parent=69951"}],"wp:term":[{"taxonomy":"category","embeddable":true,"href":"https:\/\/www.elsindical.com.ar\/notas\/wp-json\/wp\/v2\/categories?post=69951"},{"taxonomy":"post_tag","embeddable":true,"href":"https:\/\/www.elsindical.com.ar\/notas\/wp-json\/wp\/v2\/tags?post=69951"}],"curies":[{"name":"wp","href":"https:\/\/api.w.org\/{rel}","templated":true}]}}