{"id":69948,"date":"2017-07-10T12:40:53","date_gmt":"2017-07-10T15:40:53","guid":{"rendered":"http:\/\/www.elsindical.com.ar\/notas\/?p=69948"},"modified":"2017-07-10T12:40:53","modified_gmt":"2017-07-10T15:40:53","slug":"mendoza-vecinos-de-uspallata-cortaron-la-ruta-7-por-los-tarifazos-electricos","status":"publish","type":"post","link":"https:\/\/www.elsindical.com.ar\/notas\/mendoza-vecinos-de-uspallata-cortaron-la-ruta-7-por-los-tarifazos-electricos\/","title":{"rendered":"Mendoza: Vecinos de Uspallata cortaron la ruta 7 por los tarifazos el\u00e9ctricos"},"content":{"rendered":"<p class=\"bajada\"><em><a href=\"http:\/\/www.elsindical.com.ar\/notas\/var\/www\/html\/notas\/wp-content\/uploads\/2017\/07\/protesta-vecinos-de-Uspallata-tarifa-luz.jpg\"><img loading=\"lazy\" decoding=\"async\" class=\"alignnone size-medium wp-image-69949\" src=\"http:\/\/www.elsindical.com.ar\/notas\/var\/www\/html\/notas\/wp-content\/uploads\/2017\/07\/protesta-vecinos-de-Uspallata-tarifa-luz-300x179.jpg\" alt=\"\" width=\"300\" height=\"179\" srcset=\"https:\/\/www.elsindical.com.ar\/notas\/var\/www\/html\/notas\/wp-content\/uploads\/2017\/07\/protesta-vecinos-de-Uspallata-tarifa-luz-300x179.jpg 300w, https:\/\/www.elsindical.com.ar\/notas\/var\/www\/html\/notas\/wp-content\/uploads\/2017\/07\/protesta-vecinos-de-Uspallata-tarifa-luz-500x298.jpg 500w, https:\/\/www.elsindical.com.ar\/notas\/var\/www\/html\/notas\/wp-content\/uploads\/2017\/07\/protesta-vecinos-de-Uspallata-tarifa-luz.jpg 620w\" sizes=\"auto, (max-width: 300px) 100vw, 300px\" \/><\/a>\u00a0 Los vecinos de Uspallata se manifestaron contra los excesivos aumentos que recibieron en las boletas de la luz. Exigen respuestas de parte del Gobierno. El EPRE, que prometi\u00f3 revisar la facturaci\u00f3n, recibir\u00e1 el martes a los usuarios en la Delegaci\u00f3n Municipal.<\/em><\/p>\n<p>El enojo de los vecinos de Uspallata por los desorbitantes aumentos en las facturas de la energ\u00eda el\u00e9ctrica se hizo sentir este s\u00e1bado, luego de que decidieran cortar la ruta 7 en se\u00f1al de reclamo.<\/p>\n<p>Se concentraron frente al informador tur\u00edstico y luego cortaron la Ruta 7 para exigir que el gobierno revea la situaci\u00f3n y d\u00e9 marcha atr\u00e1s con la suba, ya que en algunos casos las boletas alcanzaron los $25 mil. Por la medida se vio resentido el tr\u00e1nsito hacia Chile.<\/p>\n<p>Seg\u00fan dio cuenta el portal Sitio andino, los usuarios recibieron boletas de hasta $25 mil, aunque desde el Ente Provincial Regulador de Energ\u00eda (EPRE) aseguraron que esos montos no correspond\u00edan a las categor\u00edas residenciales.<\/p>\n<p>La concentraci\u00f3n de vecinos fue a la vera de la Ruta nacional 7, en el puesto del informador tur\u00edstico de ese distrito, y posteriormente los manifestantes se ubicaron sobre la ruta para visibilizar la protesta, y a la espera de respuestas por parte del Gobierno.. Por ello, se produjeron algunas demoras para acceder a la v\u00eda que conecta con Chile.<\/p>\n<p><strong>Por si pasa, pasa <\/strong><\/p>\n<p>En tanto, el titular del EPRE, Elian Japaz, en su intento de calmar los \u00e1nimos, afirm\u00f3 que revisar\u00e1n la facturaci\u00f3n de alrededor de 4500 usuarios, a quienes atender\u00e1n \u00aben la Delegaci\u00f3n Municipal Uspallata el martes 11 al mediod\u00eda a los Usuarios por reclamos\u00bb, escribi\u00f3 en su twitter el funcionario radical; \u00a0convocatoria que sin duda provocar\u00e1 la mayor movilizaci\u00f3n de vecinos que esa localidad mendocina haya conocido.<\/p>\n","protected":false},"excerpt":{"rendered":"<p>\u00a0 Los vecinos de Uspallata se manifestaron contra los excesivos aumentos que recibieron en las boletas de la luz. Exigen respuestas de parte del Gobierno. El EPRE, que prometi\u00f3 revisar la facturaci\u00f3n, recibir\u00e1 el martes a los usuarios en la Delegaci\u00f3n Municipal. El enojo de los vecinos de Uspallata por los desorbitantes aumentos en las&hellip;<\/p>\n","protected":false},"author":1,"featured_media":0,"comment_status":"open","ping_status":"open","sticky":false,"template":"","format":"standard","meta":{"footnotes":""},"categories":[25],"tags":[26488,26486,571,26489,26487],"class_list":["post-69948","post","type-post","status-publish","format-standard","hentry","category-sociedad","tag-elian-japaz","tag-epre","tag-mendoza","tag-ruta-7","tag-uspallata"],"_links":{"self":[{"href":"https:\/\/www.elsindical.com.ar\/notas\/wp-json\/wp\/v2\/posts\/69948","targetHints":{"allow":["GET"]}}],"collection":[{"href":"https:\/\/www.elsindical.com.ar\/notas\/wp-json\/wp\/v2\/posts"}],"about":[{"href":"https:\/\/www.elsindical.com.ar\/notas\/wp-json\/wp\/v2\/types\/post"}],"author":[{"embeddable":true,"href":"https:\/\/www.elsindical.com.ar\/notas\/wp-json\/wp\/v2\/users\/1"}],"replies":[{"embeddable":true,"href":"https:\/\/www.elsindical.com.ar\/notas\/wp-json\/wp\/v2\/comments?post=69948"}],"version-history":[{"count":1,"href":"https:\/\/www.elsindical.com.ar\/notas\/wp-json\/wp\/v2\/posts\/69948\/revisions"}],"predecessor-version":[{"id":69950,"href":"https:\/\/www.elsindical.com.ar\/notas\/wp-json\/wp\/v2\/posts\/69948\/revisions\/69950"}],"wp:attachment":[{"href":"https:\/\/www.elsindical.com.ar\/notas\/wp-json\/wp\/v2\/media?parent=69948"}],"wp:term":[{"taxonomy":"category","embeddable":true,"href":"https:\/\/www.elsindical.com.ar\/notas\/wp-json\/wp\/v2\/categories?post=69948"},{"taxonomy":"post_tag","embeddable":true,"href":"https:\/\/www.elsindical.com.ar\/notas\/wp-json\/wp\/v2\/tags?post=69948"}],"curies":[{"name":"wp","href":"https:\/\/api.w.org\/{rel}","templated":true}]}}