{"id":69945,"date":"2017-07-10T12:36:08","date_gmt":"2017-07-10T15:36:08","guid":{"rendered":"http:\/\/www.elsindical.com.ar\/notas\/?p=69945"},"modified":"2017-07-10T12:36:08","modified_gmt":"2017-07-10T15:36:08","slug":"por-causa-de-la-crisis-cuatro-empresas-cerradas-en-la-ultima-semana-dejan-en-la-calle-a-530-trabajadores","status":"publish","type":"post","link":"https:\/\/www.elsindical.com.ar\/notas\/por-causa-de-la-crisis-cuatro-empresas-cerradas-en-la-ultima-semana-dejan-en-la-calle-a-530-trabajadores\/","title":{"rendered":"Por causa de la crisis, cuatro empresas cerradas en la \u00faltima semana dejan en la calle a 530 trabajadores"},"content":{"rendered":"<p class=\"bajada\"><em>\u00a0 <a href=\"http:\/\/www.elsindical.com.ar\/notas\/var\/www\/html\/notas\/wp-content\/uploads\/2017\/07\/despedidos-maderera-MAM.jpg\"><img loading=\"lazy\" decoding=\"async\" class=\"alignnone size-medium wp-image-69946\" src=\"http:\/\/www.elsindical.com.ar\/notas\/var\/www\/html\/notas\/wp-content\/uploads\/2017\/07\/despedidos-maderera-MAM-300x179.jpg\" alt=\"\" width=\"300\" height=\"179\" srcset=\"https:\/\/www.elsindical.com.ar\/notas\/var\/www\/html\/notas\/wp-content\/uploads\/2017\/07\/despedidos-maderera-MAM-300x179.jpg 300w, https:\/\/www.elsindical.com.ar\/notas\/var\/www\/html\/notas\/wp-content\/uploads\/2017\/07\/despedidos-maderera-MAM-500x298.jpg 500w, https:\/\/www.elsindical.com.ar\/notas\/var\/www\/html\/notas\/wp-content\/uploads\/2017\/07\/despedidos-maderera-MAM.jpg 620w\" sizes=\"auto, (max-width: 300px) 100vw, 300px\" \/><\/a>Mientras los m\u00e1ximos dirigentes de la CGT duermen la siesta de los distra\u00eddos, las pol\u00edticas de ajuste arrasan contra las fuentes de trabajo, de acuerdo con el cierre de empresas y la reducci\u00f3n de personal que se produjo esta semana, dejando una secuela de 530 familias sin sustento. Dos empresas textiles debieron cerrar sus puertas por la baja rentabilidad, adem\u00e1s una importante maderera despidi\u00f3 y suspendi\u00f3 a todos sus empleados.<\/em><\/p>\n<p>Todo comenz\u00f3 el lunes con el cierre de la textil riojana VF que comunic\u00f3 la suspensi\u00f3n de sus 105 empleados. \u201cLa empresa quiere cerrar porque se van de Argentina por la falta de ventas. Dicen tener dos galpones completos con mercader\u00eda, hasta el a\u00f1o 2018\u201d, cont\u00f3 Nicol\u00e1s Far\u00edas, delegado de FONIVA en la f\u00e1brica.<\/p>\n<p>El martes, los trabajadores de la empresa de indumentaria Chocolate se encontraron con las puertas de la f\u00e1brica cerradas, donde los 13 empleados despedidos -algunos ten\u00edan m\u00e1s de 20 a\u00f1os de antig\u00fcedad- no les pagaron indemnizaci\u00f3n, ni liquidaciones y mucho menos aguinaldo.<\/p>\n<p>Las malas noticias econ\u00f3micas tambi\u00e9n azotan al sur del pa\u00eds. Seg\u00fan inform\u00f3 InfoBaires24, l<em>a firma \u00a0Maderas al Mundo (MAM) de Neuqu\u00e9n anunci\u00f3 el despido de 46 empleados, mientras que el resto fue suspendido durante 30 d\u00edas. El Sindicato de Obreros y Empleados de la Industria Maderera permanecer\u00e1 en estado de alerta ante tal medida.<\/em><\/p>\n<p>Los trabajadores se encontraron con la noticia el lunes cuando llegaron a su lugar de trabajo en el Parque Industrial de la capital provincial, aunque la patronal ven\u00eda anticipando una dif\u00edcil situaci\u00f3n debido al panorama complicado de la fruticultura, aumento de la electricidad y llegada de importaciones desde Chile.<\/p>\n<p>Por su parte, Gustavo Bergese, propietario de Maderas al Mundo (MAM), neg\u00f3 que quiera vaciar la firma. \u201cCompramos una empresa en una decadencia total y gastamos mucha plata para ponerla a punto, pero las condiciones coyunturales del pa\u00eds y la provincia cambiaron las reglas de juego\u201d, argument\u00f3 ante la prensa y agreg\u00f3: \u201cmi intenci\u00f3n no es vaciarla, pero as\u00ed no puedo seguir. Estamos buscando una soluci\u00f3n. No quiero cerrar, pero tendremos que achicarnos un poco y despu\u00e9s veremos\u201d.<\/p>\n<p>Tambi\u00e9n en la Patagonia, pero m\u00e1s al sur, ocurri\u00f3 otra mala noticia: un numeroso grupo de gendarmes militariz\u00f3 Tecpetrol. El motivo era el anuncio de que la empresa despedir\u00e1 a 300 trabajadores para aumentar sus ganancias en el yacimiento El Tordillo, en Chubut. El Sindicato de Petroleros Privados de la provincia rechaz\u00f3 el ajuste y denunci\u00f3 una connivencia del Gobierno nacional con la empresa de Paolo Rocca tras enterarse que al yacimiento hab\u00edan llegado 220 gendarmes para proteger sus instalaciones.<\/p>\n<p>A la crisis de las industrias qu\u00edmicas se sum\u00f3 esta semana fertilizantes Buffon SA. La empresa cerr\u00f3 sus puertas en la ciudad cordobesa de R\u00edo Tercero y dej\u00f3 en la calle a 20 trabajadores que no esperaban la noticia. De acuerdo al relato del portal local Tribuna Digital, los obreros reclaman la reapertura de las fuentes de trabajo, que fue clausurada por un proceso de quiebra decretado por la Justicia local.<\/p>\n","protected":false},"excerpt":{"rendered":"<p>\u00a0 Mientras los m\u00e1ximos dirigentes de la CGT duermen la siesta de los distra\u00eddos, las pol\u00edticas de ajuste arrasan contra las fuentes de trabajo, de acuerdo con el cierre de empresas y la reducci\u00f3n de personal que se produjo esta semana, dejando una secuela de 530 familias sin sustento. Dos empresas textiles debieron cerrar sus&hellip;<\/p>\n","protected":false},"author":1,"featured_media":0,"comment_status":"open","ping_status":"open","sticky":false,"template":"","format":"standard","meta":{"footnotes":""},"categories":[28],"tags":[53,2105,1291,26485,125],"class_list":["post-69945","post","type-post","status-publish","format-standard","hentry","category-empresariales","tag-despidos","tag-empresas","tag-familias","tag-mam","tag-trabajadores"],"_links":{"self":[{"href":"https:\/\/www.elsindical.com.ar\/notas\/wp-json\/wp\/v2\/posts\/69945","targetHints":{"allow":["GET"]}}],"collection":[{"href":"https:\/\/www.elsindical.com.ar\/notas\/wp-json\/wp\/v2\/posts"}],"about":[{"href":"https:\/\/www.elsindical.com.ar\/notas\/wp-json\/wp\/v2\/types\/post"}],"author":[{"embeddable":true,"href":"https:\/\/www.elsindical.com.ar\/notas\/wp-json\/wp\/v2\/users\/1"}],"replies":[{"embeddable":true,"href":"https:\/\/www.elsindical.com.ar\/notas\/wp-json\/wp\/v2\/comments?post=69945"}],"version-history":[{"count":1,"href":"https:\/\/www.elsindical.com.ar\/notas\/wp-json\/wp\/v2\/posts\/69945\/revisions"}],"predecessor-version":[{"id":69947,"href":"https:\/\/www.elsindical.com.ar\/notas\/wp-json\/wp\/v2\/posts\/69945\/revisions\/69947"}],"wp:attachment":[{"href":"https:\/\/www.elsindical.com.ar\/notas\/wp-json\/wp\/v2\/media?parent=69945"}],"wp:term":[{"taxonomy":"category","embeddable":true,"href":"https:\/\/www.elsindical.com.ar\/notas\/wp-json\/wp\/v2\/categories?post=69945"},{"taxonomy":"post_tag","embeddable":true,"href":"https:\/\/www.elsindical.com.ar\/notas\/wp-json\/wp\/v2\/tags?post=69945"}],"curies":[{"name":"wp","href":"https:\/\/api.w.org\/{rel}","templated":true}]}}