{"id":69890,"date":"2017-07-07T18:32:10","date_gmt":"2017-07-07T21:32:10","guid":{"rendered":"http:\/\/www.elsindical.com.ar\/notas\/?p=69890"},"modified":"2017-07-07T18:32:10","modified_gmt":"2017-07-07T21:32:10","slug":"citan-a-32-ex-dirigentes-y-familiares-de-omar-caballo-suarez-en-el-marco-de-la-causa-por-asociacion-ilicita-contra-el-somu","status":"publish","type":"post","link":"https:\/\/www.elsindical.com.ar\/notas\/citan-a-32-ex-dirigentes-y-familiares-de-omar-caballo-suarez-en-el-marco-de-la-causa-por-asociacion-ilicita-contra-el-somu\/","title":{"rendered":"Citan a 32 ex dirigentes y familiares de Omar \u201cCaballo\u201d Su\u00e1rez en el marco de la causa por asociaci\u00f3n il\u00edcita contra el SOMU"},"content":{"rendered":"<p><em>\u00a0 <a href=\"http:\/\/www.elsindical.com.ar\/notas\/var\/www\/html\/notas\/wp-content\/uploads\/2017\/07\/Res.jpg\"><img loading=\"lazy\" decoding=\"async\" class=\"alignnone size-medium wp-image-69891\" src=\"http:\/\/www.elsindical.com.ar\/notas\/var\/www\/html\/notas\/wp-content\/uploads\/2017\/07\/Res-300x252.jpg\" alt=\"\" width=\"300\" height=\"252\" srcset=\"https:\/\/www.elsindical.com.ar\/notas\/var\/www\/html\/notas\/wp-content\/uploads\/2017\/07\/Res-300x252.jpg 300w, https:\/\/www.elsindical.com.ar\/notas\/var\/www\/html\/notas\/wp-content\/uploads\/2017\/07\/Res-357x300.jpg 357w, https:\/\/www.elsindical.com.ar\/notas\/var\/www\/html\/notas\/wp-content\/uploads\/2017\/07\/Res.jpg 651w\" sizes=\"auto, (max-width: 300px) 100vw, 300px\" \/><\/a>El juez federal Rodolfo Canicoba Corral cit\u00f3 a declaraci\u00f3n indagatoria a treinta y dos (32) ex dirigentes y familiares del ex Secretario General, Omar \u201cCaballo\u201d Su\u00e1rez, en el marco de la causa por presunta asociaci\u00f3n il\u00edcita contra el Sindicato de Obreros Mar\u00edtimos Unidos (SOMU) . Las mismas se llevar\u00e1n a cabo durante los meses de agosto y septiembre.<\/em><\/p>\n<div class=\"cuerponota mb50\">\n<p>Desde la intervenci\u00f3n judicial se\u00f1alaron que: \u00ab<strong>Esta medida es important\u00edsima, pues los actos defraudatorios no se agotaron en la persona de Omar Suarez sino que necesariamente tuvieron que intervenir muchas otras personas<\/strong>. Era un secreto a voces que muchos de los hoy finalmente citados a indagatoria ten\u00edan responsabilidad en todos estos hechos, y que sin su participaci\u00f3n los il\u00edcitos no se podr\u00edan haber llevado adelante. Al mismo tiempo, es alentador que esta lucha contra las mafias avance e involucre a todos aquellos que tengan responsabilidad, tanto sea por acci\u00f3n como por omisi\u00f3n.\u00a0<strong>Es importante que los afiliados vean que las acciones iniciadas por Gladys Gonz\u00e1lez van consolid\u00e1ndose y tomando cada vez mayor envergadura. Sobre todo teniendo en cuenta que muchos de los que hoy son llamados a responder \u00a0ante la Justicia pretenden presentarse nuevamente para dirigir al Gremio.<\/strong>\u00a0Finalmente, tanto los improcedentes reclamos millonarios que efectuaron muchos de ellos, como la responsabilidad penal que les cabe tambi\u00e9n a muchos de ellos, van quedando expuestas a la vista de todos los afiliados\u00bb.<\/p>\n<p>Adem\u00e1s de Omar Caballo Suarez, entre los ex dirigentes de su administraci\u00f3n que deber\u00e1n prestar declaraci\u00f3n indagatoria figuran: Carlos \u00cdtalo Ru\u00edz, Juan Hugo Baneki, Mar\u00eda del Carmen Cabrera Pe\u00f1a, Jorge Agust\u00edn Vargas, Juan Manuel Medina, Rigoberto Reymundo Su\u00e1rez Cardozo, Carlos Alberto Tinant, Rosario Torrez, H\u00e9ctor Matellanes, Mario An\u00edbal Morato, Leonel Abreg\u00fa, Jes\u00fas Miguel Su\u00e1rez, Pablo Orti\u00e9, Alejandro Antonio Giorgi, Rub\u00e9n Alejandro Moreira, Felipe Brighina, Rub\u00e9n Antonio Luque, Carlos Rodolfo Milanesi, Rosario Torrez, Juan Carlos Demito, H\u00e9ctor Eduardo Troncoso, Lu\u00eds Bosio, Leonardo Rub\u00e9n De Bari, Antonio Cennamo y a Jos\u00e9 Lu\u00eds Clemente.<\/p>\n<p>Entre los familiares y allegados que recibir\u00e1n declaraci\u00f3n indagatoria figuran su hijastra Mar\u00eda Lorena Su\u00e1rez Pe\u00f1a (DNI 22.467.807) y su yerno Adolfo Guillermo Visanni (DNI 25.632.090).Adem\u00e1s completan esa n\u00f3mina Romina Andrea Villamil (DNI 22.962.725), Sergio Alberto Hern\u00e1ndez (DNI 18.649.637), Laura Beatr\u00edz Tajes (DNI 20.698.106) y a Jos\u00e9 Luis Hordt.<\/p>\n<p>Las audiencias ser\u00e1n los d\u00edas 1, 2, 3, 7, 8, 9, 10, 11, 14, 15, 16,17, 18, 22, 23, 24, 25, 28, 29, 30, 31 de agosto de agosto. En septiembre 4, 5, 6, 7, 8, 11 y 12 de septiembre<\/p>\n<p><strong>Muchos de los indagados por Rodolfo Canicoba Corral , forman parte del listado de dirigentes hace unas semanas demandaron al SOMU por $94.187.616,49 millones de pesos.\u00a0<\/strong><\/p>\n<p>Los reclamos m\u00e1s abultados los hicieron el ex subsecretario de Turismo, Carlos Milanesi, quien se desempe\u00f1o en el SOMU por casi 25 a\u00f1os y el ex Secretario General Adjunto, Mario Morato, quien se considera el sucesor del Caballo Su\u00e1rez, hoy preso por corrupci\u00f3n. El primero demanda al SOMU por una suma de $38.439.046,50 y el segundo por $20.000.000,00. Ambos reclamaron a la Justicia indemnizaciones por \u201csalarios ca\u00eddos, supletorias de indemnizaciones, intereses, multas y da\u00f1o moral\u201d.<\/p>\n<\/div>\n","protected":false},"excerpt":{"rendered":"<p>\u00a0 El juez federal Rodolfo Canicoba Corral cit\u00f3 a declaraci\u00f3n indagatoria a treinta y dos (32) ex dirigentes y familiares del ex Secretario General, Omar \u201cCaballo\u201d Su\u00e1rez, en el marco de la causa por presunta asociaci\u00f3n il\u00edcita contra el Sindicato de Obreros Mar\u00edtimos Unidos (SOMU) . Las mismas se llevar\u00e1n a cabo durante los meses&hellip;<\/p>\n","protected":false},"author":1,"featured_media":0,"comment_status":"open","ping_status":"open","sticky":false,"template":"","format":"standard","meta":{"footnotes":""},"categories":[20],"tags":[823,19868,3219],"class_list":["post-69890","post","type-post","status-publish","format-standard","hentry","category-judiciales","tag-citaciones","tag-omar-caballo-suarez","tag-somu"],"_links":{"self":[{"href":"https:\/\/www.elsindical.com.ar\/notas\/wp-json\/wp\/v2\/posts\/69890","targetHints":{"allow":["GET"]}}],"collection":[{"href":"https:\/\/www.elsindical.com.ar\/notas\/wp-json\/wp\/v2\/posts"}],"about":[{"href":"https:\/\/www.elsindical.com.ar\/notas\/wp-json\/wp\/v2\/types\/post"}],"author":[{"embeddable":true,"href":"https:\/\/www.elsindical.com.ar\/notas\/wp-json\/wp\/v2\/users\/1"}],"replies":[{"embeddable":true,"href":"https:\/\/www.elsindical.com.ar\/notas\/wp-json\/wp\/v2\/comments?post=69890"}],"version-history":[{"count":1,"href":"https:\/\/www.elsindical.com.ar\/notas\/wp-json\/wp\/v2\/posts\/69890\/revisions"}],"predecessor-version":[{"id":69892,"href":"https:\/\/www.elsindical.com.ar\/notas\/wp-json\/wp\/v2\/posts\/69890\/revisions\/69892"}],"wp:attachment":[{"href":"https:\/\/www.elsindical.com.ar\/notas\/wp-json\/wp\/v2\/media?parent=69890"}],"wp:term":[{"taxonomy":"category","embeddable":true,"href":"https:\/\/www.elsindical.com.ar\/notas\/wp-json\/wp\/v2\/categories?post=69890"},{"taxonomy":"post_tag","embeddable":true,"href":"https:\/\/www.elsindical.com.ar\/notas\/wp-json\/wp\/v2\/tags?post=69890"}],"curies":[{"name":"wp","href":"https:\/\/api.w.org\/{rel}","templated":true}]}}