{"id":69874,"date":"2017-07-07T17:50:38","date_gmt":"2017-07-07T20:50:38","guid":{"rendered":"http:\/\/www.elsindical.com.ar\/notas\/?p=69874"},"modified":"2017-07-07T17:50:38","modified_gmt":"2017-07-07T20:50:38","slug":"uruguay-beba-argentina-fue-intoxicada-con-extasis-y-cocaina-en-punta-del-este","status":"publish","type":"post","link":"https:\/\/www.elsindical.com.ar\/notas\/uruguay-beba-argentina-fue-intoxicada-con-extasis-y-cocaina-en-punta-del-este\/","title":{"rendered":"Uruguay: Beba argentina fue intoxicada con \u00e9xtasis y coca\u00edna en Punta del Este"},"content":{"rendered":"<p><em><span class=\"text description col-xs-8 col-lg-9\"><a href=\"http:\/\/www.elsindical.com.ar\/notas\/var\/www\/html\/notas\/wp-content\/uploads\/2017\/07\/Punta-del-Este-Uruguay.jpg\"><img loading=\"lazy\" decoding=\"async\" class=\"alignnone size-medium wp-image-69875\" src=\"http:\/\/www.elsindical.com.ar\/notas\/var\/www\/html\/notas\/wp-content\/uploads\/2017\/07\/Punta-del-Este-Uruguay-300x169.jpg\" alt=\"\" width=\"300\" height=\"169\" srcset=\"https:\/\/www.elsindical.com.ar\/notas\/var\/www\/html\/notas\/wp-content\/uploads\/2017\/07\/Punta-del-Este-Uruguay-300x169.jpg 300w, https:\/\/www.elsindical.com.ar\/notas\/var\/www\/html\/notas\/wp-content\/uploads\/2017\/07\/Punta-del-Este-Uruguay-768x434.jpg 768w, https:\/\/www.elsindical.com.ar\/notas\/var\/www\/html\/notas\/wp-content\/uploads\/2017\/07\/Punta-del-Este-Uruguay-500x282.jpg 500w, https:\/\/www.elsindical.com.ar\/notas\/var\/www\/html\/notas\/wp-content\/uploads\/2017\/07\/Punta-del-Este-Uruguay.jpg 930w\" sizes=\"auto, (max-width: 300px) 100vw, 300px\" \/><\/a>\u00a0 Sus padres, que estaban de vacaciones en el pa\u00eds vecino, fueron procesados sin prisi\u00f3n preventiva.<\/span><\/em><\/p>\n<p>Una pareja de argentinos fue procesada por la justicia uruguaya luego de que la hija de ambos de 11 meses resultara intoxicada por la ingesta de coca\u00edna, \u00e9xtasis, anfetaminas y metanfetanimas.<\/p>\n<p>El juez penal de feria de la localidad de Maldonado, Gerardo Fogliaccio, proces\u00f3 sin prisi\u00f3n a la pareja que estaba de vacaciones en el pa\u00eds vecino, por el delito de \u00abomisi\u00f3n a los deberes inherentes a la patria potestad y la tutela de los hijos\u00bb.<\/p>\n<p>Adem\u00e1s, el juez, seg\u00fan public\u00f3 el diario El Pa\u00eds de Uruguay, dispuso que la beba, que estuvo internada en el sanatorio Cantegril, de Punta del Este, fuera entregada a una abuela para que pueda regresar al pa\u00eds.<\/p>\n<p>La pareja integrada por M.F.A.V., de 48 a\u00f1os, y su esposa P.G.G., de 25 a\u00f1os lleg\u00f3 a Punta del Este para pasar unos d\u00edas de vacaciones junto a la peque\u00f1a y el 26 de junio \u00faltimo, llevaron a la beba a la guardia del hospital.<\/p>\n<p>Seg\u00fan se public\u00f3, la nena qued\u00f3 internada y los ex\u00e1menes que se le realizaron confirmaron el estado de intoxicaci\u00f3n producido por la ingesta de coca\u00edna, anfetaminas, \u00e9xtasis y metanfetaminas.Los padres reconocieron ante los m\u00e9dicos que el s\u00e1bado 24 hicieron una fiesta en la que hubo varias drogas, y adem\u00e1s la madre cont\u00f3 que ella consum\u00eda drogas desde los tres meses posteriores al parto.<\/p>\n","protected":false},"excerpt":{"rendered":"<p>\u00a0 Sus padres, que estaban de vacaciones en el pa\u00eds vecino, fueron procesados sin prisi\u00f3n preventiva. Una pareja de argentinos fue procesada por la justicia uruguaya luego de que la hija de ambos de 11 meses resultara intoxicada por la ingesta de coca\u00edna, \u00e9xtasis, anfetaminas y metanfetanimas. El juez penal de feria de la localidad&hellip;<\/p>\n","protected":false},"author":1,"featured_media":0,"comment_status":"open","ping_status":"open","sticky":false,"template":"","format":"standard","meta":{"footnotes":""},"categories":[18],"tags":[681,382,1444,226],"class_list":["post-69874","post","type-post","status-publish","format-standard","hentry","category-internacionales","tag-beba","tag-drogas","tag-punta-del-este","tag-uruguay"],"_links":{"self":[{"href":"https:\/\/www.elsindical.com.ar\/notas\/wp-json\/wp\/v2\/posts\/69874","targetHints":{"allow":["GET"]}}],"collection":[{"href":"https:\/\/www.elsindical.com.ar\/notas\/wp-json\/wp\/v2\/posts"}],"about":[{"href":"https:\/\/www.elsindical.com.ar\/notas\/wp-json\/wp\/v2\/types\/post"}],"author":[{"embeddable":true,"href":"https:\/\/www.elsindical.com.ar\/notas\/wp-json\/wp\/v2\/users\/1"}],"replies":[{"embeddable":true,"href":"https:\/\/www.elsindical.com.ar\/notas\/wp-json\/wp\/v2\/comments?post=69874"}],"version-history":[{"count":1,"href":"https:\/\/www.elsindical.com.ar\/notas\/wp-json\/wp\/v2\/posts\/69874\/revisions"}],"predecessor-version":[{"id":69876,"href":"https:\/\/www.elsindical.com.ar\/notas\/wp-json\/wp\/v2\/posts\/69874\/revisions\/69876"}],"wp:attachment":[{"href":"https:\/\/www.elsindical.com.ar\/notas\/wp-json\/wp\/v2\/media?parent=69874"}],"wp:term":[{"taxonomy":"category","embeddable":true,"href":"https:\/\/www.elsindical.com.ar\/notas\/wp-json\/wp\/v2\/categories?post=69874"},{"taxonomy":"post_tag","embeddable":true,"href":"https:\/\/www.elsindical.com.ar\/notas\/wp-json\/wp\/v2\/tags?post=69874"}],"curies":[{"name":"wp","href":"https:\/\/api.w.org\/{rel}","templated":true}]}}