{"id":69859,"date":"2017-07-07T10:48:44","date_gmt":"2017-07-07T13:48:44","guid":{"rendered":"http:\/\/www.elsindical.com.ar\/notas\/?p=69859"},"modified":"2017-07-07T10:48:44","modified_gmt":"2017-07-07T13:48:44","slug":"eeuu-bar-lleno-de-ratas-es-furor","status":"publish","type":"post","link":"https:\/\/www.elsindical.com.ar\/notas\/eeuu-bar-lleno-de-ratas-es-furor\/","title":{"rendered":"EEUU: Bar lleno de ratas es furor"},"content":{"rendered":"<p><em>\u00a0<a href=\"http:\/\/www.elsindical.com.ar\/notas\/var\/www\/html\/notas\/wp-content\/uploads\/2017\/07\/bar-ratas-EEUU-01.jpg\"><img loading=\"lazy\" decoding=\"async\" class=\"alignnone size-medium wp-image-69862\" src=\"http:\/\/www.elsindical.com.ar\/notas\/var\/www\/html\/notas\/wp-content\/uploads\/2017\/07\/bar-ratas-EEUU-01-300x158.jpg\" alt=\"\" width=\"300\" height=\"158\" srcset=\"https:\/\/www.elsindical.com.ar\/notas\/var\/www\/html\/notas\/wp-content\/uploads\/2017\/07\/bar-ratas-EEUU-01-300x158.jpg 300w, https:\/\/www.elsindical.com.ar\/notas\/var\/www\/html\/notas\/wp-content\/uploads\/2017\/07\/bar-ratas-EEUU-01-500x264.jpg 500w, https:\/\/www.elsindical.com.ar\/notas\/var\/www\/html\/notas\/wp-content\/uploads\/2017\/07\/bar-ratas-EEUU-01.jpg 738w\" sizes=\"auto, (max-width: 300px) 100vw, 300px\" \/><\/a> El local \u00abRat Caf\u00e9\u00bb es la nueva moda en la ciudad de San Francisco, donde muchos clientes tienen que llamar con anticipaci\u00f3n para reservar una mesa en este lugar colmado de roedores. Los asistentes disfrutan de los diferentes platos y tragos, adem\u00e1s de esta extra\u00f1a compa\u00f1ia.<\/em><\/p>\n<p>El bar de est\u00e1 abierto desde el primero de julio en San Francisco Dungeon, es furor ya que a los turistas y vecinos del lugar, les encanta estar cerca de las ratas.<\/p>\n<p><em>\u00abA a las ratas les encanta ser acariciadas. Son m\u00e1s cari\u00f1osas que cualquier animal peque\u00f1o que conozca\u00bb<\/em>, dijo el supervisor del lugar.<\/p>\n<p>Seg\u00fan la vocera del bar, <strong>Krissi Reeves<\/strong>,\u00a0las entradas para el 1 y el 8 de julio se agotaron en menos de una hora.<\/p>\n<p>La idea fue basada en un\u00a0episodio de la historia de San Francisco: una epidemia de peste negra que tuvo lugar a principios del siglo XX.<\/p>\n<p><em>\u00abContamos la historia de la peste \u2013bub\u00f3nica- en la ciudad y pensamos que estamos haciendo algo especial para el verano\u00bb<\/em>, indic\u00f3 la mujer.<\/p>\n<p>Todos los roedores\u00a0son cedidos por \u00abRattie Ratz\u00bb, una organizaci\u00f3n que se encarga de conseguirles\u00a0hogar a\u00a0estos animales, a los que consideran como dom\u00e9sticos.<\/p>\n<p><a href=\"http:\/\/www.elsindical.com.ar\/notas\/var\/www\/html\/notas\/wp-content\/uploads\/2017\/07\/bar-ratas-EEUU-02.jpg\"><img loading=\"lazy\" decoding=\"async\" class=\"alignnone size-medium wp-image-69861\" src=\"http:\/\/www.elsindical.com.ar\/notas\/var\/www\/html\/notas\/wp-content\/uploads\/2017\/07\/bar-ratas-EEUU-02-300x161.jpg\" alt=\"\" width=\"300\" height=\"161\" srcset=\"https:\/\/www.elsindical.com.ar\/notas\/var\/www\/html\/notas\/wp-content\/uploads\/2017\/07\/bar-ratas-EEUU-02-300x161.jpg 300w, https:\/\/www.elsindical.com.ar\/notas\/var\/www\/html\/notas\/wp-content\/uploads\/2017\/07\/bar-ratas-EEUU-02-500x268.jpg 500w, https:\/\/www.elsindical.com.ar\/notas\/var\/www\/html\/notas\/wp-content\/uploads\/2017\/07\/bar-ratas-EEUU-02.jpg 620w\" sizes=\"auto, (max-width: 300px) 100vw, 300px\" \/><\/a> <a href=\"http:\/\/www.elsindical.com.ar\/notas\/var\/www\/html\/notas\/wp-content\/uploads\/2017\/07\/bar-ratas-EEUU-03.jpg\"><img loading=\"lazy\" decoding=\"async\" class=\"alignnone size-medium wp-image-69860\" src=\"http:\/\/www.elsindical.com.ar\/notas\/var\/www\/html\/notas\/wp-content\/uploads\/2017\/07\/bar-ratas-EEUU-03-300x157.jpg\" alt=\"\" width=\"300\" height=\"157\" srcset=\"https:\/\/www.elsindical.com.ar\/notas\/var\/www\/html\/notas\/wp-content\/uploads\/2017\/07\/bar-ratas-EEUU-03-300x157.jpg 300w, https:\/\/www.elsindical.com.ar\/notas\/var\/www\/html\/notas\/wp-content\/uploads\/2017\/07\/bar-ratas-EEUU-03-500x262.jpg 500w, https:\/\/www.elsindical.com.ar\/notas\/var\/www\/html\/notas\/wp-content\/uploads\/2017\/07\/bar-ratas-EEUU-03.jpg 620w\" sizes=\"auto, (max-width: 300px) 100vw, 300px\" \/><\/a><\/p>\n<p><iframe loading=\"lazy\" src=\"https:\/\/www.youtube.com\/embed\/7kMdylaxQ9g\" width=\"580\" height=\"420\" frameborder=\"0\" allowfullscreen=\"allowfullscreen\"><\/iframe><\/p>\n","protected":false},"excerpt":{"rendered":"<p>\u00a0 El local \u00abRat Caf\u00e9\u00bb es la nueva moda en la ciudad de San Francisco, donde muchos clientes tienen que llamar con anticipaci\u00f3n para reservar una mesa en este lugar colmado de roedores. Los asistentes disfrutan de los diferentes platos y tragos, adem\u00e1s de esta extra\u00f1a compa\u00f1ia. El bar de est\u00e1 abierto desde el primero&hellip;<\/p>\n","protected":false},"author":1,"featured_media":0,"comment_status":"open","ping_status":"open","sticky":false,"template":"","format":"standard","meta":{"footnotes":""},"categories":[18],"tags":[5029,141,11595,10740],"class_list":["post-69859","post","type-post","status-publish","format-standard","hentry","category-internacionales","tag-bar","tag-eeuu","tag-ratas","tag-san-francisco"],"_links":{"self":[{"href":"https:\/\/www.elsindical.com.ar\/notas\/wp-json\/wp\/v2\/posts\/69859","targetHints":{"allow":["GET"]}}],"collection":[{"href":"https:\/\/www.elsindical.com.ar\/notas\/wp-json\/wp\/v2\/posts"}],"about":[{"href":"https:\/\/www.elsindical.com.ar\/notas\/wp-json\/wp\/v2\/types\/post"}],"author":[{"embeddable":true,"href":"https:\/\/www.elsindical.com.ar\/notas\/wp-json\/wp\/v2\/users\/1"}],"replies":[{"embeddable":true,"href":"https:\/\/www.elsindical.com.ar\/notas\/wp-json\/wp\/v2\/comments?post=69859"}],"version-history":[{"count":1,"href":"https:\/\/www.elsindical.com.ar\/notas\/wp-json\/wp\/v2\/posts\/69859\/revisions"}],"predecessor-version":[{"id":69863,"href":"https:\/\/www.elsindical.com.ar\/notas\/wp-json\/wp\/v2\/posts\/69859\/revisions\/69863"}],"wp:attachment":[{"href":"https:\/\/www.elsindical.com.ar\/notas\/wp-json\/wp\/v2\/media?parent=69859"}],"wp:term":[{"taxonomy":"category","embeddable":true,"href":"https:\/\/www.elsindical.com.ar\/notas\/wp-json\/wp\/v2\/categories?post=69859"},{"taxonomy":"post_tag","embeddable":true,"href":"https:\/\/www.elsindical.com.ar\/notas\/wp-json\/wp\/v2\/tags?post=69859"}],"curies":[{"name":"wp","href":"https:\/\/api.w.org\/{rel}","templated":true}]}}