{"id":69842,"date":"2017-07-06T23:59:39","date_gmt":"2017-07-07T02:59:39","guid":{"rendered":"http:\/\/www.elsindical.com.ar\/notas\/?p=69842"},"modified":"2017-07-06T23:59:39","modified_gmt":"2017-07-07T02:59:39","slug":"crean-cuerpo-de-abogados-gratuitos-para-victimas-de-delitos","status":"publish","type":"post","link":"https:\/\/www.elsindical.com.ar\/notas\/crean-cuerpo-de-abogados-gratuitos-para-victimas-de-delitos\/","title":{"rendered":"Crean cuerpo de abogados gratuitos para v\u00edctimas de delitos"},"content":{"rendered":"<div class=\"field field-name-body field-type-text-with-summary field-label-hidden\">\n<div class=\"field-items\">\n<div class=\"field-item even\">\n<p><em>\u00a0\u00a0<a href=\"http:\/\/www.elsindical.com.ar\/notas\/var\/www\/html\/notas\/wp-content\/uploads\/2017\/07\/Vidal-y-v\u00edctimas.jpg\"><img loading=\"lazy\" decoding=\"async\" class=\"alignnone size-medium wp-image-69843\" src=\"http:\/\/www.elsindical.com.ar\/notas\/var\/www\/html\/notas\/wp-content\/uploads\/2017\/07\/Vidal-y-v\u00edctimas-300x199.jpg\" alt=\"\" width=\"300\" height=\"199\" srcset=\"https:\/\/www.elsindical.com.ar\/notas\/var\/www\/html\/notas\/wp-content\/uploads\/2017\/07\/Vidal-y-v\u00edctimas-300x199.jpg 300w, https:\/\/www.elsindical.com.ar\/notas\/var\/www\/html\/notas\/wp-content\/uploads\/2017\/07\/Vidal-y-v\u00edctimas-768x510.jpg 768w, https:\/\/www.elsindical.com.ar\/notas\/var\/www\/html\/notas\/wp-content\/uploads\/2017\/07\/Vidal-y-v\u00edctimas-1024x680.jpg 1024w, https:\/\/www.elsindical.com.ar\/notas\/var\/www\/html\/notas\/wp-content\/uploads\/2017\/07\/Vidal-y-v\u00edctimas-452x300.jpg 452w\" sizes=\"auto, (max-width: 300px) 100vw, 300px\" \/><\/a> La gobernadora bonaerense, Mar\u00eda Eugenia Vidal, consider\u00f3 hoy que el estado provincial \u00abest\u00e1 en el camino correcto\u00bb para combatir el delito y \u00ablas mafias\u00bb y que \u00abalgo ya empez\u00f3 a cambiar\u00bb, al presentar esta ma\u00f1ana los avances del Plan de Asistencia a la v\u00edctima y el cuerpo de \u00abAbogados P\u00fablicos de las V\u00edctimas\u00bb, que ofrecer\u00e1 asesoramiento legal pleno y gratuito a los damnificados por hechos criminales y a sus familiares.<\/em><\/p>\n<p>Durante un acto que encabez\u00f3 junto al ministro de Justicia provincial, Gustavo Ferrari; y el procurador general bonaerense, Julio Conte Grand; la gobernadora dijo que \u00abhoy venimos a sumar un grano de arena m\u00e1s desde la Provincia, que es este cuerpo de abogados que va a trabajar para asistir a las v\u00edctimas, que durante muchos a\u00f1os fueron olvidadas\u00bb.<\/p>\n<p>Vidal resalt\u00f3 que su gesti\u00f3n ha decidido \u00abcombatir la corrupci\u00f3n y la mafia, tanto dentro como fuera del Estado\u00bb, sin \u00abnegociar ni darnos por vencidos. Todo ese camino que empezamos nos va a llevar a un lugar mejor, nos va a devolver la paz. No\u00a0 va a ser de un d\u00eda para el otro. El que diga eso, miente: lo que se destruy\u00f3 durante muchos a\u00f1os no se va a recuperar r\u00e1pidamente. Va a llevar tiempo, pero estamos en el camino correcto. Algo ya empez\u00f3 a cambiar para recuperar la paz que perdimos con la corrupci\u00f3n, la inseguridad, el delito adentro y afuera del Estado\u00bb.<\/p>\n<p>Participaron del anuncio Carolina P\u00edparo, Mar\u00eda Luj\u00e1n Rey, Mat\u00edas Bagnato, Silvia Irigaray, Marta Canillas, Leonardo Menghini, Jimena Aduriz, Nilda G\u00f3mez y Elsa G\u00f3mez, familiares de v\u00edctimas e integrantes de Madres del Dolor.<\/p>\n<p>\u00abEl trabajo m\u00e1s dif\u00edcil que nos toca es el de acompa\u00f1ar y asistir a los familiares de las v\u00edctimas. Uno sabe que no hay nada que repare la p\u00e9rdida. S\u00f3lo la Justicia y estar presente puede ayudar a aliviar, pero nada repara la p\u00e9rdida. Siempre cre\u00ed que el Estado ten\u00eda que estar ah\u00ed: si no fue capaz de evitar lo que pas\u00f3, tiene que tener la entereza, la capacidad e inmediatez de dar la cara al d\u00eda siguiente y acompa\u00f1ar\u00bb, explic\u00f3.<\/p>\n<p>Seg\u00fan Vidal, \u00abtenemos que dar el ejemplo y acompa\u00f1ar su trabajo todos los d\u00edas, para volver a vivir en paz. Estamos preocupados y ocupados, estamos en el camino correcto\u00bb.<\/p>\n<p>En tanto, el ministro Ferrari evalu\u00f3 que \u00abcuando el Estado no puede evitar un delito, por lo menos tiene que estar presente para atenuar las consecuencias de ese delito. Las v\u00edctimas, las grandes olvidadas del proceso penal durante d\u00e9cadas en nuestro pa\u00eds\u00bb.<\/p>\n<p>A su turno, el procurador Julio Conte Grand indic\u00f3 que el cuerpo de letrados \u00abnos va a permitir coactuar con la defensa, con las asesor\u00edas y curadur\u00edas en un intercambio de informaci\u00f3n y tareas que nos van a dar la certeza de que vamos a brindarles a las v\u00edctimas y familiares la protecci\u00f3n, el acompa\u00f1amiento y el asesoramiento t\u00e9cnico y jur\u00eddico de mayor excelencia para poder garantizar sus derechos en todo momento del proceso, e incluso con posterioridad al proceso\u00bb.<\/p>\n<p>Los \u00abAbogados P\u00fablicos de las V\u00edctimas\u00bb acompa\u00f1ar\u00e1n en todo el proceso penal a aquellas personas que requieran sus servicios y se acerquen tanto a las dependencias del Ministerio P\u00fablico en los 19 Departamentos Judiciales como tambi\u00e9n en nueve Centros de Asistencia a la V\u00edctima y Acceso a la Justicia (CAVAJ) nuevos que funcionar\u00e1n en los partidos de La Matanza, Almirante Brown, San Miguel, Florencio Varela, Jos\u00e9 C. Paz, Lan\u00fas, San Isidro, Vicente L\u00f3pez y Malvinas Argentinas.<\/p>\n<p>Esta medida fue adoptada por iniciativa del Ministerio de Justicia provincial, luego de que el a\u00f1o pasado se dise\u00f1ara el \u00abPlan Integral de Asistencia a la V\u00edctima\u00bb para ayudar y asesorar a quienes sufren episodios de violencia.<\/p>\n<p>Los \u00abAbogados P\u00fablicos de la V\u00edctima\u00bb tendr\u00e1n dedicaci\u00f3n exclusiva para patrocinar durante todo el proceso e incluso representarla cuando \u00e9sta se constituya como particular damnificado.<\/p>\n<p>Estos profesionales que brindar\u00e1n asistencia atender\u00e1n en las dependencias del Ministerio P\u00fablico como en los Centros de Asistencia a la V\u00edctima distribuidos en todo el territorio bonaerense.<\/p>\n<p>Desde el lanzamiento del Plan, la Subsecretar\u00eda de Acceso a la Justicia tom\u00f3 intervenci\u00f3n en 2.870 delitos graves y en 539 casos de trata de personas.<\/p>\n<p>&nbsp;<\/p>\n<p>L Cermele<\/p>\n<\/div>\n<\/div>\n<\/div>\n","protected":false},"excerpt":{"rendered":"<p>\u00a0\u00a0 La gobernadora bonaerense, Mar\u00eda Eugenia Vidal, consider\u00f3 hoy que el estado provincial \u00abest\u00e1 en el camino correcto\u00bb para combatir el delito y \u00ablas mafias\u00bb y que \u00abalgo ya empez\u00f3 a cambiar\u00bb, al presentar esta ma\u00f1ana los avances del Plan de Asistencia a la v\u00edctima y el cuerpo de \u00abAbogados P\u00fablicos de las V\u00edctimas\u00bb, que&hellip;<\/p>\n","protected":false},"author":1,"featured_media":0,"comment_status":"open","ping_status":"open","sticky":false,"template":"","format":"standard","meta":{"footnotes":""},"categories":[13],"tags":[1452,7265],"class_list":["post-69842","post","type-post","status-publish","format-standard","hentry","category-politica","tag-mafias","tag-maria-eugenia-vidal"],"_links":{"self":[{"href":"https:\/\/www.elsindical.com.ar\/notas\/wp-json\/wp\/v2\/posts\/69842","targetHints":{"allow":["GET"]}}],"collection":[{"href":"https:\/\/www.elsindical.com.ar\/notas\/wp-json\/wp\/v2\/posts"}],"about":[{"href":"https:\/\/www.elsindical.com.ar\/notas\/wp-json\/wp\/v2\/types\/post"}],"author":[{"embeddable":true,"href":"https:\/\/www.elsindical.com.ar\/notas\/wp-json\/wp\/v2\/users\/1"}],"replies":[{"embeddable":true,"href":"https:\/\/www.elsindical.com.ar\/notas\/wp-json\/wp\/v2\/comments?post=69842"}],"version-history":[{"count":1,"href":"https:\/\/www.elsindical.com.ar\/notas\/wp-json\/wp\/v2\/posts\/69842\/revisions"}],"predecessor-version":[{"id":69844,"href":"https:\/\/www.elsindical.com.ar\/notas\/wp-json\/wp\/v2\/posts\/69842\/revisions\/69844"}],"wp:attachment":[{"href":"https:\/\/www.elsindical.com.ar\/notas\/wp-json\/wp\/v2\/media?parent=69842"}],"wp:term":[{"taxonomy":"category","embeddable":true,"href":"https:\/\/www.elsindical.com.ar\/notas\/wp-json\/wp\/v2\/categories?post=69842"},{"taxonomy":"post_tag","embeddable":true,"href":"https:\/\/www.elsindical.com.ar\/notas\/wp-json\/wp\/v2\/tags?post=69842"}],"curies":[{"name":"wp","href":"https:\/\/api.w.org\/{rel}","templated":true}]}}