{"id":69822,"date":"2017-07-06T10:01:09","date_gmt":"2017-07-06T13:01:09","guid":{"rendered":"http:\/\/www.elsindical.com.ar\/notas\/?p=69822"},"modified":"2017-07-06T13:38:52","modified_gmt":"2017-07-06T16:38:52","slug":"macri-designo-a-una-directora-de-movilidad-en-bicicleta","status":"publish","type":"post","link":"https:\/\/www.elsindical.com.ar\/notas\/macri-designo-a-una-directora-de-movilidad-en-bicicleta\/","title":{"rendered":"Macri design\u00f3 a una Directora de Movilidad en Bicicleta"},"content":{"rendered":"<p><em>\u00a0 <a href=\"http:\/\/www.elsindical.com.ar\/notas\/var\/www\/html\/notas\/wp-content\/uploads\/2017\/07\/Macri-en-bicicleta.jpg\"><img loading=\"lazy\" decoding=\"async\" class=\"alignnone size-medium wp-image-69824\" src=\"http:\/\/www.elsindical.com.ar\/notas\/var\/www\/html\/notas\/wp-content\/uploads\/2017\/07\/Macri-en-bicicleta-300x168.jpg\" alt=\"\" width=\"300\" height=\"168\" srcset=\"https:\/\/www.elsindical.com.ar\/notas\/var\/www\/html\/notas\/wp-content\/uploads\/2017\/07\/Macri-en-bicicleta-300x168.jpg 300w, https:\/\/www.elsindical.com.ar\/notas\/var\/www\/html\/notas\/wp-content\/uploads\/2017\/07\/Macri-en-bicicleta-500x280.jpg 500w, https:\/\/www.elsindical.com.ar\/notas\/var\/www\/html\/notas\/wp-content\/uploads\/2017\/07\/Macri-en-bicicleta.jpg 678w\" sizes=\"auto, (max-width: 300px) 100vw, 300px\" \/><\/a>La ins\u00f3lita designaci\u00f3n fue publicada en el Bolet\u00edn Oficial. Mar\u00eda Bel\u00e9n Cardasz estar\u00e1 al frente de esta direcci\u00f3n, dependiente del Ministerio de Transporte, que fue creada en noviembre de 2016. \u00bfCu\u00e1les ser\u00e1n sus funciones?<\/em><\/p>\n<p>El gobierno nacional design\u00f3 a <b>Mar\u00eda Bel\u00e9n Cardasz DNI 33.334.572 <\/b>como Directora en Movilidad en Bicicleta, un \u00e1rea nueva que fue creada en noviembre de 2016, por lo que l MIAM recibir\u00e1 la suma mensual de 70 mil pesos retroactiva.<\/p>\n<p>La ins\u00f3lita designaci\u00f3n fue publicada este jueves en el <a href=\"https:\/\/www.boletinoficial.gob.ar\/#%21DetalleNorma\/166016\/20170706\" target=\"_new\">Bolet\u00edn Oficial<\/a> y lleva las firmas del jefe de Gabinete, Marcos Pe\u00f1a, y del ministro de Transporte, Guillermo Dietrich.<\/p>\n<p><b>Seg\u00fan detalla la decisi\u00f3n administrativa, las funciones de esta nueva \u00e1rea ser\u00e1n:<br \/>\n<\/b><br \/>\n1. Realizar estudios, evaluaciones e informes que fundamenten proyectos de movilidad no motorizada.<\/p>\n<p>2. Priorizar proyectos en el marco de la pol\u00edtica p\u00fablica de movilidad no motorizada.<\/p>\n<p>3. Participar en la obtenci\u00f3n de financiamiento para proyectos de movilidad no motorizada.<\/p>\n<p>4. Realizar el monitoreo y evaluaci\u00f3n de proyectos de movilidad no motorizada.<\/p>\n<p>5. Informar al Director Nacional sobre la marcha de los proyectos de movilidad no motorizada.<\/p>\n<p>6. Efectuar actividades de asistencia t\u00e9cnica en las \u00e1reas que sean requeridas a la Direcci\u00f3n Nacional.<\/p>\n<p>7. Participar, a solicitud de la Direcci\u00f3n Nacional, en reuniones y eventos en los que se analicen cuestiones inherentes a proyectos de movilidad no motorizada.<\/p>\n<p><a href=\"http:\/\/www.elsindical.com.ar\/notas\/var\/www\/html\/notas\/wp-content\/uploads\/2017\/07\/Mar\u00eda-Bel\u00e9n-Cardasz-BAR.jpg\"><img loading=\"lazy\" decoding=\"async\" class=\"alignnone size-medium wp-image-69831\" src=\"http:\/\/www.elsindical.com.ar\/notas\/var\/www\/html\/notas\/wp-content\/uploads\/2017\/07\/Mar\u00eda-Bel\u00e9n-Cardasz-BAR-300x244.jpg\" alt=\"\" width=\"300\" height=\"244\" srcset=\"https:\/\/www.elsindical.com.ar\/notas\/var\/www\/html\/notas\/wp-content\/uploads\/2017\/07\/Mar\u00eda-Bel\u00e9n-Cardasz-BAR-300x244.jpg 300w, https:\/\/www.elsindical.com.ar\/notas\/var\/www\/html\/notas\/wp-content\/uploads\/2017\/07\/Mar\u00eda-Bel\u00e9n-Cardasz-BAR-368x300.jpg 368w, https:\/\/www.elsindical.com.ar\/notas\/var\/www\/html\/notas\/wp-content\/uploads\/2017\/07\/Mar\u00eda-Bel\u00e9n-Cardasz-BAR.jpg 750w\" sizes=\"auto, (max-width: 300px) 100vw, 300px\" \/><\/a><a href=\"http:\/\/www.elsindical.com.ar\/notas\/var\/www\/html\/notas\/wp-content\/uploads\/2017\/07\/Mar\u00eda-Bel\u00e9n-Cardasz-2.jpg\"><img loading=\"lazy\" decoding=\"async\" class=\"alignnone size-medium wp-image-69832\" src=\"http:\/\/www.elsindical.com.ar\/notas\/var\/www\/html\/notas\/wp-content\/uploads\/2017\/07\/Mar\u00eda-Bel\u00e9n-Cardasz-2-300x300.jpg\" alt=\"\" width=\"300\" height=\"300\" srcset=\"https:\/\/www.elsindical.com.ar\/notas\/var\/www\/html\/notas\/wp-content\/uploads\/2017\/07\/Mar\u00eda-Bel\u00e9n-Cardasz-2-300x300.jpg 300w, https:\/\/www.elsindical.com.ar\/notas\/var\/www\/html\/notas\/wp-content\/uploads\/2017\/07\/Mar\u00eda-Bel\u00e9n-Cardasz-2-150x150.jpg 150w, https:\/\/www.elsindical.com.ar\/notas\/var\/www\/html\/notas\/wp-content\/uploads\/2017\/07\/Mar\u00eda-Bel\u00e9n-Cardasz-2-768x768.jpg 768w, https:\/\/www.elsindical.com.ar\/notas\/var\/www\/html\/notas\/wp-content\/uploads\/2017\/07\/Mar\u00eda-Bel\u00e9n-Cardasz-2.jpg 800w\" sizes=\"auto, (max-width: 300px) 100vw, 300px\" \/><\/a><\/p>\n<p>&nbsp;<\/p>\n","protected":false},"excerpt":{"rendered":"<p>\u00a0 La ins\u00f3lita designaci\u00f3n fue publicada en el Bolet\u00edn Oficial. Mar\u00eda Bel\u00e9n Cardasz estar\u00e1 al frente de esta direcci\u00f3n, dependiente del Ministerio de Transporte, que fue creada en noviembre de 2016. \u00bfCu\u00e1les ser\u00e1n sus funciones? El gobierno nacional design\u00f3 a Mar\u00eda Bel\u00e9n Cardasz DNI 33.334.572 como Directora en Movilidad en Bicicleta, un \u00e1rea nueva que&hellip;<\/p>\n","protected":false},"author":1,"featured_media":0,"comment_status":"open","ping_status":"open","sticky":false,"template":"","format":"standard","meta":{"footnotes":""},"categories":[13],"tags":[1295,26447,26446],"class_list":["post-69822","post","type-post","status-publish","format-standard","hentry","category-politica","tag-boletin-oficial","tag-directora-en-movilidad-en-bicicleta","tag-maria-belen-cardasz"],"_links":{"self":[{"href":"https:\/\/www.elsindical.com.ar\/notas\/wp-json\/wp\/v2\/posts\/69822","targetHints":{"allow":["GET"]}}],"collection":[{"href":"https:\/\/www.elsindical.com.ar\/notas\/wp-json\/wp\/v2\/posts"}],"about":[{"href":"https:\/\/www.elsindical.com.ar\/notas\/wp-json\/wp\/v2\/types\/post"}],"author":[{"embeddable":true,"href":"https:\/\/www.elsindical.com.ar\/notas\/wp-json\/wp\/v2\/users\/1"}],"replies":[{"embeddable":true,"href":"https:\/\/www.elsindical.com.ar\/notas\/wp-json\/wp\/v2\/comments?post=69822"}],"version-history":[{"count":5,"href":"https:\/\/www.elsindical.com.ar\/notas\/wp-json\/wp\/v2\/posts\/69822\/revisions"}],"predecessor-version":[{"id":69833,"href":"https:\/\/www.elsindical.com.ar\/notas\/wp-json\/wp\/v2\/posts\/69822\/revisions\/69833"}],"wp:attachment":[{"href":"https:\/\/www.elsindical.com.ar\/notas\/wp-json\/wp\/v2\/media?parent=69822"}],"wp:term":[{"taxonomy":"category","embeddable":true,"href":"https:\/\/www.elsindical.com.ar\/notas\/wp-json\/wp\/v2\/categories?post=69822"},{"taxonomy":"post_tag","embeddable":true,"href":"https:\/\/www.elsindical.com.ar\/notas\/wp-json\/wp\/v2\/tags?post=69822"}],"curies":[{"name":"wp","href":"https:\/\/api.w.org\/{rel}","templated":true}]}}