{"id":69819,"date":"2017-07-06T07:29:35","date_gmt":"2017-07-06T10:29:35","guid":{"rendered":"http:\/\/www.elsindical.com.ar\/notas\/?p=69819"},"modified":"2017-07-06T07:29:35","modified_gmt":"2017-07-06T10:29:35","slug":"entre-rios-intendente-pro-de-parana-complicado-en-causa-por-narcotrafico","status":"publish","type":"post","link":"https:\/\/www.elsindical.com.ar\/notas\/entre-rios-intendente-pro-de-parana-complicado-en-causa-por-narcotrafico\/","title":{"rendered":"Entre R\u00edos: Intendente PRO de Paran\u00e1 complicado en causa por narcotr\u00e1fico"},"content":{"rendered":"<p><em>\u00a0 <a href=\"http:\/\/www.elsindical.com.ar\/notas\/var\/www\/html\/notas\/wp-content\/uploads\/2017\/07\/Sergio-Varisco-De-Angelis-Macri-y-Frigerio.jpg\"><img loading=\"lazy\" decoding=\"async\" class=\"alignnone size-medium wp-image-69820\" src=\"http:\/\/www.elsindical.com.ar\/notas\/var\/www\/html\/notas\/wp-content\/uploads\/2017\/07\/Sergio-Varisco-De-Angelis-Macri-y-Frigerio-300x175.jpg\" alt=\"\" width=\"300\" height=\"175\" srcset=\"https:\/\/www.elsindical.com.ar\/notas\/var\/www\/html\/notas\/wp-content\/uploads\/2017\/07\/Sergio-Varisco-De-Angelis-Macri-y-Frigerio-300x175.jpg 300w, https:\/\/www.elsindical.com.ar\/notas\/var\/www\/html\/notas\/wp-content\/uploads\/2017\/07\/Sergio-Varisco-De-Angelis-Macri-y-Frigerio-500x292.jpg 500w, https:\/\/www.elsindical.com.ar\/notas\/var\/www\/html\/notas\/wp-content\/uploads\/2017\/07\/Sergio-Varisco-De-Angelis-Macri-y-Frigerio.jpg 600w\" sizes=\"auto, (max-width: 300px) 100vw, 300px\" \/><\/a>Por estos d\u00edas el ministro del Interior, <b>Rogelio Frigerio<\/b>, se refiri\u00f3 a la investigaci\u00f3n por narcotr\u00e1fico que salpica al intendente de Paran\u00e1, <b>Sergio Varisco<\/b>, hombre de Cambiemos, y consider\u00f3 que \u00ablo importante es que la Justicia act\u00fae r\u00e1pido\u00bb.<\/em><\/p>\n<p><b>\u00abEl intendente de Paran\u00e1 la semana pasada se present\u00f3 espont\u00e1neamente ante el juez e hizo todas las aclaraciones del caso, eso fue lo que me coment\u00f3 en una reuni\u00f3n que tuvimos\u00bb<\/b>, explic\u00f3 Frigerio.<\/p>\n<p>Y agreg\u00f3: <b>\u00abLo importante es que la Justicia act\u00fae r\u00e1pido, aclare las responsabilidades y lo importante es que sea de manera veloz, muchas veces cuando la justicia llega tarde ya no es justicia. As\u00ed que esperemos que esto pueda resolverse lo m\u00e1s r\u00e1pido posible para la tranquilidad de todos los vecinos de Paran\u00e1\u00bb.<\/b><\/p>\n<p>En las \u00faltimas horas se conocieron nuevos audios que comprometen al intendente de la ciudad de Paran\u00e1 , y a un concejal de Cambiemos, Pablo Hern\u00e1ndez, en una causa por narcotr\u00e1fico.<\/p>\n","protected":false},"excerpt":{"rendered":"<p>\u00a0 Por estos d\u00edas el ministro del Interior, Rogelio Frigerio, se refiri\u00f3 a la investigaci\u00f3n por narcotr\u00e1fico que salpica al intendente de Paran\u00e1, Sergio Varisco, hombre de Cambiemos, y consider\u00f3 que \u00ablo importante es que la Justicia act\u00fae r\u00e1pido\u00bb. \u00abEl intendente de Paran\u00e1 la semana pasada se present\u00f3 espont\u00e1neamente ante el juez e hizo todas&hellip;<\/p>\n","protected":false},"author":1,"featured_media":0,"comment_status":"open","ping_status":"open","sticky":false,"template":"","format":"standard","meta":{"footnotes":""},"categories":[6],"tags":[1386,593,204,4385,22597,26445],"class_list":["post-69819","post","type-post","status-publish","format-standard","hentry","category-denuncias","tag-entre-rios","tag-escuchas","tag-narcotrafico","tag-parana","tag-rogelio-frigerio","tag-sergio-varisco"],"_links":{"self":[{"href":"https:\/\/www.elsindical.com.ar\/notas\/wp-json\/wp\/v2\/posts\/69819","targetHints":{"allow":["GET"]}}],"collection":[{"href":"https:\/\/www.elsindical.com.ar\/notas\/wp-json\/wp\/v2\/posts"}],"about":[{"href":"https:\/\/www.elsindical.com.ar\/notas\/wp-json\/wp\/v2\/types\/post"}],"author":[{"embeddable":true,"href":"https:\/\/www.elsindical.com.ar\/notas\/wp-json\/wp\/v2\/users\/1"}],"replies":[{"embeddable":true,"href":"https:\/\/www.elsindical.com.ar\/notas\/wp-json\/wp\/v2\/comments?post=69819"}],"version-history":[{"count":1,"href":"https:\/\/www.elsindical.com.ar\/notas\/wp-json\/wp\/v2\/posts\/69819\/revisions"}],"predecessor-version":[{"id":69821,"href":"https:\/\/www.elsindical.com.ar\/notas\/wp-json\/wp\/v2\/posts\/69819\/revisions\/69821"}],"wp:attachment":[{"href":"https:\/\/www.elsindical.com.ar\/notas\/wp-json\/wp\/v2\/media?parent=69819"}],"wp:term":[{"taxonomy":"category","embeddable":true,"href":"https:\/\/www.elsindical.com.ar\/notas\/wp-json\/wp\/v2\/categories?post=69819"},{"taxonomy":"post_tag","embeddable":true,"href":"https:\/\/www.elsindical.com.ar\/notas\/wp-json\/wp\/v2\/tags?post=69819"}],"curies":[{"name":"wp","href":"https:\/\/api.w.org\/{rel}","templated":true}]}}