{"id":69788,"date":"2017-07-05T12:01:12","date_gmt":"2017-07-05T15:01:12","guid":{"rendered":"http:\/\/www.elsindical.com.ar\/notas\/?p=69788"},"modified":"2017-07-05T12:01:12","modified_gmt":"2017-07-05T15:01:12","slug":"las-prepagas-subieron-6-y-en-agosto-habra-un-nuevo-ajuste-del-5","status":"publish","type":"post","link":"https:\/\/www.elsindical.com.ar\/notas\/las-prepagas-subieron-6-y-en-agosto-habra-un-nuevo-ajuste-del-5\/","title":{"rendered":"Las prepagas subieron 6% y en agosto habr\u00e1 un nuevo ajuste del 5%"},"content":{"rendered":"<p><em><a href=\"http:\/\/www.elsindical.com.ar\/notas\/var\/www\/html\/notas\/wp-content\/uploads\/2009\/09\/prepagas_130086669.jpg\"><img loading=\"lazy\" decoding=\"async\" class=\"alignnone size-medium wp-image-32\" src=\"http:\/\/www.elsindical.com.ar\/notas\/var\/www\/html\/notas\/wp-content\/uploads\/2009\/09\/prepagas_130086669-300x166.jpg\" alt=\"\" width=\"300\" height=\"166\" srcset=\"https:\/\/www.elsindical.com.ar\/notas\/var\/www\/html\/notas\/wp-content\/uploads\/2009\/09\/prepagas_130086669-300x166.jpg 300w, https:\/\/www.elsindical.com.ar\/notas\/var\/www\/html\/notas\/wp-content\/uploads\/2009\/09\/prepagas_130086669.jpg 318w\" sizes=\"auto, (max-width: 300px) 100vw, 300px\" \/><\/a>\u00a0\u00a0 M\u00e1s all\u00e1 de las quejas de los consumidores, el superintendente de Servicios de Salud, Luis Scervino, no descart\u00f3 nuevos incrementos.<\/em><\/p>\n<p>Tras un incremento del 6 por ciento en febrero, desde el 1 de julio rige una suba del 6 por ciento en las prepagas, autorizado por el gobierno en mayo, a lo que se sumar\u00e1 a otro 5 por ciento que se implementar\u00e1 desde el 1 de agosto.<\/p>\n<p>En ese sentido, el superintendente de Servicios de Salud, Luis Scervino, justific\u00f3 los incrementos en las cuotas de la medicina prepaga autorizados por el Gobierno al asegurar que \u00abla salud se encareci\u00f3 ac\u00e1 y en el mundo\u00bb, y no descart\u00f3 nuevos aumentos en lo que queda del a\u00f1o.<\/p>\n<p>Adem\u00e1s, Scervino no descart\u00f3 nuevas subas en las cuotas mensuales para lo que resta del a\u00f1o. \u00abNo se sobrepas\u00f3 la inflaci\u00f3n. Pero hay una parte de la paritaria que falta negociar: se negoci\u00f3 con los hospitales de comunidad, no as\u00ed la general con el resto de sectores. Y lo que pase con la inflaci\u00f3n el resto del a\u00f1o&#8230; despu\u00e9s se ver\u00e1 si tiene o no un ajuste\u00bb, aclar\u00f3.<\/p>\n<p>El funcionario aclar\u00f3 que los incrementos registrados en las distintas prepagas desde la asunci\u00f3n de Mauricio Macri \u00abest\u00e1n acompasados por la inflaci\u00f3n\u00bb, pese a que \u00aben la Argentina y en el resto del mundo, el aumento del gasto m\u00e9dico est\u00e1 entre un 25 y 30 por ciento por encima de la inflaci\u00f3n\u00bb.<\/p>\n<p>El Gobierno nacional autoriz\u00f3 a las empresas de medicina prepaga a incrementar en un 11 por ciento las cuotas mensuales a sus afiliados, en dos tramos, en julio (6%) y agosto (5%).<\/p>\n<p>\u00abAutor\u00edzase a todas las entidades de medicina prepaga inscriptas, un aumento general, complementario y acumulativo del valor de las cuotas mensuales que deben abonar sus usuarios, de un 6 por ciento a partir del 1\u00ba de julio de 2017 y de un 5 por ciento a partir del 1\u00ba de agosto\u00bb, public\u00f3 en el Bolet\u00edn Oficial.<\/p>\n","protected":false},"excerpt":{"rendered":"<p>\u00a0\u00a0 M\u00e1s all\u00e1 de las quejas de los consumidores, el superintendente de Servicios de Salud, Luis Scervino, no descart\u00f3 nuevos incrementos. Tras un incremento del 6 por ciento en febrero, desde el 1 de julio rige una suba del 6 por ciento en las prepagas, autorizado por el gobierno en mayo, a lo que se&hellip;<\/p>\n","protected":false},"author":1,"featured_media":0,"comment_status":"open","ping_status":"open","sticky":false,"template":"","format":"standard","meta":{"footnotes":""},"categories":[9],"tags":[357,4530,26435],"class_list":["post-69788","post","type-post","status-publish","format-standard","hentry","category-economia","tag-aumento","tag-prepagas","tag-superntendente-de-servicios-de-salud-luis-scervino"],"_links":{"self":[{"href":"https:\/\/www.elsindical.com.ar\/notas\/wp-json\/wp\/v2\/posts\/69788","targetHints":{"allow":["GET"]}}],"collection":[{"href":"https:\/\/www.elsindical.com.ar\/notas\/wp-json\/wp\/v2\/posts"}],"about":[{"href":"https:\/\/www.elsindical.com.ar\/notas\/wp-json\/wp\/v2\/types\/post"}],"author":[{"embeddable":true,"href":"https:\/\/www.elsindical.com.ar\/notas\/wp-json\/wp\/v2\/users\/1"}],"replies":[{"embeddable":true,"href":"https:\/\/www.elsindical.com.ar\/notas\/wp-json\/wp\/v2\/comments?post=69788"}],"version-history":[{"count":1,"href":"https:\/\/www.elsindical.com.ar\/notas\/wp-json\/wp\/v2\/posts\/69788\/revisions"}],"predecessor-version":[{"id":69789,"href":"https:\/\/www.elsindical.com.ar\/notas\/wp-json\/wp\/v2\/posts\/69788\/revisions\/69789"}],"wp:attachment":[{"href":"https:\/\/www.elsindical.com.ar\/notas\/wp-json\/wp\/v2\/media?parent=69788"}],"wp:term":[{"taxonomy":"category","embeddable":true,"href":"https:\/\/www.elsindical.com.ar\/notas\/wp-json\/wp\/v2\/categories?post=69788"},{"taxonomy":"post_tag","embeddable":true,"href":"https:\/\/www.elsindical.com.ar\/notas\/wp-json\/wp\/v2\/tags?post=69788"}],"curies":[{"name":"wp","href":"https:\/\/api.w.org\/{rel}","templated":true}]}}