{"id":69750,"date":"2017-07-04T21:04:22","date_gmt":"2017-07-05T00:04:22","guid":{"rendered":"http:\/\/www.elsindical.com.ar\/notas\/?p=69750"},"modified":"2017-07-04T21:04:22","modified_gmt":"2017-07-05T00:04:22","slug":"avellaneda-incendio-de-remis-en-gerli","status":"publish","type":"post","link":"https:\/\/www.elsindical.com.ar\/notas\/avellaneda-incendio-de-remis-en-gerli\/","title":{"rendered":"Avellaneda: Incendio de remis en Gerli"},"content":{"rendered":"<p><a href=\"http:\/\/www.elsindical.com.ar\/notas\/var\/www\/html\/notas\/wp-content\/uploads\/2017\/07\/incendio-remis-en-Gerli.jpg\"><img loading=\"lazy\" decoding=\"async\" class=\"alignnone size-medium wp-image-69751\" src=\"http:\/\/www.elsindical.com.ar\/notas\/var\/www\/html\/notas\/wp-content\/uploads\/2017\/07\/incendio-remis-en-Gerli-300x191.jpg\" alt=\"\" width=\"300\" height=\"191\" srcset=\"https:\/\/www.elsindical.com.ar\/notas\/var\/www\/html\/notas\/wp-content\/uploads\/2017\/07\/incendio-remis-en-Gerli-300x191.jpg 300w, https:\/\/www.elsindical.com.ar\/notas\/var\/www\/html\/notas\/wp-content\/uploads\/2017\/07\/incendio-remis-en-Gerli-470x300.jpg 470w, https:\/\/www.elsindical.com.ar\/notas\/var\/www\/html\/notas\/wp-content\/uploads\/2017\/07\/incendio-remis-en-Gerli.jpg 738w\" sizes=\"auto, (max-width: 300px) 100vw, 300px\" \/><\/a> Pasadas las 20:30 hs. Bomberos Voluntarios de Echenaguc\u00eda concurrieron a sofocar el incendio de un remis Fiat Palio que circulaba por la calle Heredia y a metros de llegar a Sarmiento se incendi\u00f3 cuando transportaba pasajeros, si bien el siniestro llam\u00f3 la atenci\u00f3n de los vecinos no hubo heridos.<\/p>\n<p>Una dotaci\u00f3n bast\u00f3 para controlar el incendio y si bien los bomberos tuvieron dificultades para abrir el capot del auto de alquiler se pudo controlar definitivamente el incendio.<\/p>\n<p>Se desconocen los motivos del incendio, pero esto debe ser un llamado de atenci\u00f3n a las autoridades municipales respecto al control de las agencias de autos que existen en el partido de Avellaneda, ya que no pasa nada hasta que pasa y como lo advertimos en otras oportunidades, no solo corre riesgo la integridad del chofer del remis, sino sus pasajeros o terceros.<\/p>\n<p><iframe loading=\"lazy\" src=\"https:\/\/www.youtube.com\/embed\/b4X7cHRe6sw\" width=\"580\" height=\"420\" frameborder=\"0\" allowfullscreen=\"allowfullscreen\"><\/iframe><\/p>\n","protected":false},"excerpt":{"rendered":"<p>Pasadas las 20:30 hs. Bomberos Voluntarios de Echenaguc\u00eda concurrieron a sofocar el incendio de un remis Fiat Palio que circulaba por la calle Heredia y a metros de llegar a Sarmiento se incendi\u00f3 cuando transportaba pasajeros, si bien el siniestro llam\u00f3 la atenci\u00f3n de los vecinos no hubo heridos. Una dotaci\u00f3n bast\u00f3 para controlar el&hellip;<\/p>\n","protected":false},"author":1,"featured_media":0,"comment_status":"open","ping_status":"open","sticky":false,"template":"","format":"standard","meta":{"footnotes":""},"categories":[25],"tags":[461,2436,1662,7739,1158,1718,3677],"class_list":["post-69750","post","type-post","status-publish","format-standard","hentry","category-sociedad","tag-avellaneda","tag-controles","tag-gerli","tag-habilitaciones","tag-incendio","tag-municipio","tag-remis"],"_links":{"self":[{"href":"https:\/\/www.elsindical.com.ar\/notas\/wp-json\/wp\/v2\/posts\/69750","targetHints":{"allow":["GET"]}}],"collection":[{"href":"https:\/\/www.elsindical.com.ar\/notas\/wp-json\/wp\/v2\/posts"}],"about":[{"href":"https:\/\/www.elsindical.com.ar\/notas\/wp-json\/wp\/v2\/types\/post"}],"author":[{"embeddable":true,"href":"https:\/\/www.elsindical.com.ar\/notas\/wp-json\/wp\/v2\/users\/1"}],"replies":[{"embeddable":true,"href":"https:\/\/www.elsindical.com.ar\/notas\/wp-json\/wp\/v2\/comments?post=69750"}],"version-history":[{"count":1,"href":"https:\/\/www.elsindical.com.ar\/notas\/wp-json\/wp\/v2\/posts\/69750\/revisions"}],"predecessor-version":[{"id":69752,"href":"https:\/\/www.elsindical.com.ar\/notas\/wp-json\/wp\/v2\/posts\/69750\/revisions\/69752"}],"wp:attachment":[{"href":"https:\/\/www.elsindical.com.ar\/notas\/wp-json\/wp\/v2\/media?parent=69750"}],"wp:term":[{"taxonomy":"category","embeddable":true,"href":"https:\/\/www.elsindical.com.ar\/notas\/wp-json\/wp\/v2\/categories?post=69750"},{"taxonomy":"post_tag","embeddable":true,"href":"https:\/\/www.elsindical.com.ar\/notas\/wp-json\/wp\/v2\/tags?post=69750"}],"curies":[{"name":"wp","href":"https:\/\/api.w.org\/{rel}","templated":true}]}}