{"id":69742,"date":"2017-07-04T11:22:28","date_gmt":"2017-07-04T14:22:28","guid":{"rendered":"http:\/\/www.elsindical.com.ar\/notas\/?p=69742"},"modified":"2017-07-04T11:22:28","modified_gmt":"2017-07-04T14:22:28","slug":"lomas-de-zamora-denuncian-que-patios-de-dos-escuelas-estan-inundados-con-liquidos-cloacales-en-villa-fiorito","status":"publish","type":"post","link":"https:\/\/www.elsindical.com.ar\/notas\/lomas-de-zamora-denuncian-que-patios-de-dos-escuelas-estan-inundados-con-liquidos-cloacales-en-villa-fiorito\/","title":{"rendered":"Lomas de Zamora: Denuncian que patios de dos escuelas est\u00e1n inundados con l\u00edquidos cloacales en Villa Fiorito"},"content":{"rendered":"<p><em>\u00a0\u00a0<a href=\"http:\/\/www.elsindical.com.ar\/notas\/var\/www\/html\/notas\/wp-content\/uploads\/2017\/07\/Instituto-Villa-Urbana.jpg\"><img loading=\"lazy\" decoding=\"async\" class=\"alignnone size-medium wp-image-69743\" src=\"http:\/\/www.elsindical.com.ar\/notas\/var\/www\/html\/notas\/wp-content\/uploads\/2017\/07\/Instituto-Villa-Urbana-300x203.jpg\" alt=\"\" width=\"300\" height=\"203\" srcset=\"https:\/\/www.elsindical.com.ar\/notas\/var\/www\/html\/notas\/wp-content\/uploads\/2017\/07\/Instituto-Villa-Urbana-300x203.jpg 300w, https:\/\/www.elsindical.com.ar\/notas\/var\/www\/html\/notas\/wp-content\/uploads\/2017\/07\/Instituto-Villa-Urbana-443x300.jpg 443w, https:\/\/www.elsindical.com.ar\/notas\/var\/www\/html\/notas\/wp-content\/uploads\/2017\/07\/Instituto-Villa-Urbana.jpg 640w\" sizes=\"auto, (max-width: 300px) 100vw, 300px\" \/><\/a> Docentes del Instituto Superior de Formaci\u00f3n Docente y T\u00e9cnica n\u00ba 103 y de la Escuela Primaria 90 de Fiorito denunciaron la inundaci\u00f3n de sus patios con l\u00edquidos cloacales y graves condiciones edilicias. Aseguran que es una consecuencia de \u00abfalta de obras del gobierno bonaerense\u00bb.<\/em><\/p>\n<p>En declaraciones el docente y referente de Suteba Lomas, Pedro Ponce, explic\u00f3 que en el 103 \u00abaparentemente suelen taparse los ca\u00f1os\u00bb pero el problema fue que \u00abhace un tiempo estuvieron arreglando las cloacas\u00bb y no se registran soluciones.<\/p>\n<p>\u00abLa cosa es que hace una semana que el patio est\u00e1 inhabilitado porque es una laguna de l\u00edquidos cloacales. En la Primaria 90 \u2013 que se encuentra junto al instituto &#8211; tambi\u00e9n pas\u00f3 y por el olor que hay se tuvieron que suspender las clases. A todo eso se le suman las condiciones edilicias en general que son bastante lamentables\u00bb, remarc\u00f3<\/p>\n<p>Y enumer\u00f3 las dificultades: \u00abCasi todas las aulas tienen los cielos rasos ca\u00eddos por la humedad, no funciona la caldera por lo que no hay calefacci\u00f3n, los ca\u00f1os de agua tienen filtraciones. Ahora, habr\u00eda que ver qu\u00e9 es lo que est\u00e1 tapando la cloaca o si es un brutal ascenso de las napas\u00bb.<\/p>\n<p>Ponce asever\u00f3 que \u00ablos directivos ya hicieron reclamos y que la presidenta del Consejo Escolar se comprometi\u00f3 a resolverlo inmediatamente\u00bb. Y finalmente opin\u00f3 que \u00abtiene que ver con un trabajo de envergadura m\u00e1s grande que lo tiene que abordar la provincia\u00bb, subray\u00f3.<\/p>\n","protected":false},"excerpt":{"rendered":"<p>\u00a0\u00a0 Docentes del Instituto Superior de Formaci\u00f3n Docente y T\u00e9cnica n\u00ba 103 y de la Escuela Primaria 90 de Fiorito denunciaron la inundaci\u00f3n de sus patios con l\u00edquidos cloacales y graves condiciones edilicias. Aseguran que es una consecuencia de \u00abfalta de obras del gobierno bonaerense\u00bb. En declaraciones el docente y referente de Suteba Lomas, Pedro&hellip;<\/p>\n","protected":false},"author":1,"featured_media":0,"comment_status":"open","ping_status":"open","sticky":false,"template":"","format":"standard","meta":{"footnotes":""},"categories":[6],"tags":[175,26418,744,4292],"class_list":["post-69742","post","type-post","status-publish","format-standard","hentry","category-denuncias","tag-denuncia","tag-liquidos-cloacales","tag-lomas-de-zamora","tag-villa-fiorito"],"_links":{"self":[{"href":"https:\/\/www.elsindical.com.ar\/notas\/wp-json\/wp\/v2\/posts\/69742","targetHints":{"allow":["GET"]}}],"collection":[{"href":"https:\/\/www.elsindical.com.ar\/notas\/wp-json\/wp\/v2\/posts"}],"about":[{"href":"https:\/\/www.elsindical.com.ar\/notas\/wp-json\/wp\/v2\/types\/post"}],"author":[{"embeddable":true,"href":"https:\/\/www.elsindical.com.ar\/notas\/wp-json\/wp\/v2\/users\/1"}],"replies":[{"embeddable":true,"href":"https:\/\/www.elsindical.com.ar\/notas\/wp-json\/wp\/v2\/comments?post=69742"}],"version-history":[{"count":1,"href":"https:\/\/www.elsindical.com.ar\/notas\/wp-json\/wp\/v2\/posts\/69742\/revisions"}],"predecessor-version":[{"id":69744,"href":"https:\/\/www.elsindical.com.ar\/notas\/wp-json\/wp\/v2\/posts\/69742\/revisions\/69744"}],"wp:attachment":[{"href":"https:\/\/www.elsindical.com.ar\/notas\/wp-json\/wp\/v2\/media?parent=69742"}],"wp:term":[{"taxonomy":"category","embeddable":true,"href":"https:\/\/www.elsindical.com.ar\/notas\/wp-json\/wp\/v2\/categories?post=69742"},{"taxonomy":"post_tag","embeddable":true,"href":"https:\/\/www.elsindical.com.ar\/notas\/wp-json\/wp\/v2\/tags?post=69742"}],"curies":[{"name":"wp","href":"https:\/\/api.w.org\/{rel}","templated":true}]}}