{"id":69736,"date":"2017-07-04T11:11:43","date_gmt":"2017-07-04T14:11:43","guid":{"rendered":"http:\/\/www.elsindical.com.ar\/notas\/?p=69736"},"modified":"2017-07-04T11:11:43","modified_gmt":"2017-07-04T14:11:43","slug":"facebook-te-permite-encontrar-wi-fi-gratuito","status":"publish","type":"post","link":"https:\/\/www.elsindical.com.ar\/notas\/facebook-te-permite-encontrar-wi-fi-gratuito\/","title":{"rendered":"Facebook: te permite encontrar wi-fi gratuito"},"content":{"rendered":"<p><em><span class=\"text description col-xs-8 col-lg-9\"><a href=\"http:\/\/www.elsindical.com.ar\/notas\/var\/www\/html\/notas\/wp-content\/uploads\/2017\/07\/Facebook-Wi-Fi.jpg\"><img loading=\"lazy\" decoding=\"async\" class=\"alignnone size-medium wp-image-69737\" src=\"http:\/\/www.elsindical.com.ar\/notas\/var\/www\/html\/notas\/wp-content\/uploads\/2017\/07\/Facebook-Wi-Fi-300x169.jpg\" alt=\"\" width=\"300\" height=\"169\" srcset=\"https:\/\/www.elsindical.com.ar\/notas\/var\/www\/html\/notas\/wp-content\/uploads\/2017\/07\/Facebook-Wi-Fi-300x169.jpg 300w, https:\/\/www.elsindical.com.ar\/notas\/var\/www\/html\/notas\/wp-content\/uploads\/2017\/07\/Facebook-Wi-Fi-768x432.jpg 768w, https:\/\/www.elsindical.com.ar\/notas\/var\/www\/html\/notas\/wp-content\/uploads\/2017\/07\/Facebook-Wi-Fi-1024x576.jpg 1024w, https:\/\/www.elsindical.com.ar\/notas\/var\/www\/html\/notas\/wp-content\/uploads\/2017\/07\/Facebook-Wi-Fi-500x281.jpg 500w, https:\/\/www.elsindical.com.ar\/notas\/var\/www\/html\/notas\/wp-content\/uploads\/2017\/07\/Facebook-Wi-Fi.jpg 1170w\" sizes=\"auto, (max-width: 300px) 100vw, 300px\" \/><\/a>\u00a0 Ahora, te muestra los lugares con Internet m\u00e1s cercanos a tu ubicaci\u00f3n para que no dejes de subir fotos, videos y notas a su plataforma.<\/span><\/em><\/p>\n<p>Facebook anunci\u00f3 el lanzamiento de una funci\u00f3n para ayudar a sus m\u00e1s de 2,000 millones de usuarios a encontrar una red de Wi-Fi cercana. La funci\u00f3n, llamada \u00abBuscar Wi-Fi\u00bb, ya est\u00e1 disponible a nivel mundial para usuarios de celulares iOS y Android.<\/p>\n<p>Para encontrar lugares con Wi-Fi, abre el app de Facebook, entra al men\u00fa de opciones y desliza hacia abajo hasta ver \u00abBuscar Wi-Fi\u00bb. Activa la funci\u00f3n.<\/p>\n<p>Despu\u00e9s notar\u00e1s una pantalla con un mapa y puntos rojos de tiendas, restaurantes o espacios p\u00fablicos donde puedes acceder una red de Wi-Fi en la zona donde te encuentras. Seg\u00fan Facebook, estos negocios han compartido su informaci\u00f3n de Wi-Fi con Facebook para que as\u00ed lo comparta con sus usuarios. Tambi\u00e9n puedes ver los lugares con Wi-Fi en forma de lista.<\/p>\n<p>\u00abBuscar Wi-Fi\u00bb debe siempre estar activado para decirte en d\u00f3nde encontrar una conexi\u00f3n al Internet. Sin embargo, es posible desactivar la funci\u00f3n en el men\u00fa de Configuraciones dentro de la opci\u00f3n para gestionar si quieres compartir tu Ubicaci\u00f3n.<\/p>\n","protected":false},"excerpt":{"rendered":"<p>\u00a0 Ahora, te muestra los lugares con Internet m\u00e1s cercanos a tu ubicaci\u00f3n para que no dejes de subir fotos, videos y notas a su plataforma. Facebook anunci\u00f3 el lanzamiento de una funci\u00f3n para ayudar a sus m\u00e1s de 2,000 millones de usuarios a encontrar una red de Wi-Fi cercana. La funci\u00f3n, llamada \u00abBuscar Wi-Fi\u00bb,&hellip;<\/p>\n","protected":false},"author":1,"featured_media":0,"comment_status":"open","ping_status":"open","sticky":false,"template":"","format":"standard","meta":{"footnotes":""},"categories":[29],"tags":[19383,13504,219,5278,17226,5116],"class_list":["post-69736","post","type-post","status-publish","format-standard","hentry","category-informatica","tag-activar","tag-android","tag-facebook","tag-funcion","tag-ios","tag-wi-fi"],"_links":{"self":[{"href":"https:\/\/www.elsindical.com.ar\/notas\/wp-json\/wp\/v2\/posts\/69736","targetHints":{"allow":["GET"]}}],"collection":[{"href":"https:\/\/www.elsindical.com.ar\/notas\/wp-json\/wp\/v2\/posts"}],"about":[{"href":"https:\/\/www.elsindical.com.ar\/notas\/wp-json\/wp\/v2\/types\/post"}],"author":[{"embeddable":true,"href":"https:\/\/www.elsindical.com.ar\/notas\/wp-json\/wp\/v2\/users\/1"}],"replies":[{"embeddable":true,"href":"https:\/\/www.elsindical.com.ar\/notas\/wp-json\/wp\/v2\/comments?post=69736"}],"version-history":[{"count":1,"href":"https:\/\/www.elsindical.com.ar\/notas\/wp-json\/wp\/v2\/posts\/69736\/revisions"}],"predecessor-version":[{"id":69738,"href":"https:\/\/www.elsindical.com.ar\/notas\/wp-json\/wp\/v2\/posts\/69736\/revisions\/69738"}],"wp:attachment":[{"href":"https:\/\/www.elsindical.com.ar\/notas\/wp-json\/wp\/v2\/media?parent=69736"}],"wp:term":[{"taxonomy":"category","embeddable":true,"href":"https:\/\/www.elsindical.com.ar\/notas\/wp-json\/wp\/v2\/categories?post=69736"},{"taxonomy":"post_tag","embeddable":true,"href":"https:\/\/www.elsindical.com.ar\/notas\/wp-json\/wp\/v2\/tags?post=69736"}],"curies":[{"name":"wp","href":"https:\/\/api.w.org\/{rel}","templated":true}]}}