{"id":69733,"date":"2017-07-04T11:07:21","date_gmt":"2017-07-04T14:07:21","guid":{"rendered":"http:\/\/www.elsindical.com.ar\/notas\/?p=69733"},"modified":"2017-07-04T11:07:21","modified_gmt":"2017-07-04T14:07:21","slug":"caos-de-transito-por-protesta-de-trabajadores-despedidos-en-el-obelisco","status":"publish","type":"post","link":"https:\/\/www.elsindical.com.ar\/notas\/caos-de-transito-por-protesta-de-trabajadores-despedidos-en-el-obelisco\/","title":{"rendered":"Caos de tr\u00e1nsito por protesta de trabajadores despedidos en el Obelisco"},"content":{"rendered":"<p><em>\u00a0<a href=\"http:\/\/www.elsindical.com.ar\/notas\/var\/www\/html\/notas\/wp-content\/uploads\/2017\/07\/protesta-despedidos-Obelisco.jpg\"><img loading=\"lazy\" decoding=\"async\" class=\"alignnone size-medium wp-image-69734\" src=\"http:\/\/www.elsindical.com.ar\/notas\/var\/www\/html\/notas\/wp-content\/uploads\/2017\/07\/protesta-despedidos-Obelisco-300x194.jpg\" alt=\"\" width=\"300\" height=\"194\" srcset=\"https:\/\/www.elsindical.com.ar\/notas\/var\/www\/html\/notas\/wp-content\/uploads\/2017\/07\/protesta-despedidos-Obelisco-300x194.jpg 300w, https:\/\/www.elsindical.com.ar\/notas\/var\/www\/html\/notas\/wp-content\/uploads\/2017\/07\/protesta-despedidos-Obelisco-768x498.jpg 768w, https:\/\/www.elsindical.com.ar\/notas\/var\/www\/html\/notas\/wp-content\/uploads\/2017\/07\/protesta-despedidos-Obelisco-463x300.jpg 463w, https:\/\/www.elsindical.com.ar\/notas\/var\/www\/html\/notas\/wp-content\/uploads\/2017\/07\/protesta-despedidos-Obelisco.jpg 955w\" sizes=\"auto, (max-width: 300px) 100vw, 300px\" \/><\/a> Empleados de Pepsico hacen un corte parcial de la avenida 9 de Julio en reclamo de la reapertura de la planta ubicada en Florida, Vicente L\u00f3pez, en la que hubo 600 despidos. El Metrobus fue liberado.<\/em><\/p>\n<p>Un grupo de trabajadores despedidos de la empresa PepsiCo realizaba esta ma\u00f1ana un corte de calles frente al Obelisco porte\u00f1o, en reclamo de sus puestos laborales tras el cierre de la planta que funcionaba en la localidad bonaerense de Florida.<\/p>\n<p>La protesta comenz\u00f3 a las 8 cuando los empleados cortaron el cruce de la avenida Corrientes y la calle Carlos Pellegrini, donde exig\u00edan su reincorporaci\u00f3n en esa f\u00e1brica de productos alimenticios.<\/p>\n<p>Tras el corte de calle, efectivos de la Polic\u00eda de la Ciudad fueron desplegados en el lugar.<\/p>\n","protected":false},"excerpt":{"rendered":"<p>\u00a0 Empleados de Pepsico hacen un corte parcial de la avenida 9 de Julio en reclamo de la reapertura de la planta ubicada en Florida, Vicente L\u00f3pez, en la que hubo 600 despidos. El Metrobus fue liberado. Un grupo de trabajadores despedidos de la empresa PepsiCo realizaba esta ma\u00f1ana un corte de calles frente al&hellip;<\/p>\n","protected":false},"author":1,"featured_media":0,"comment_status":"open","ping_status":"open","sticky":false,"template":"","format":"standard","meta":{"footnotes":""},"categories":[16],"tags":[617,15260,6264,6898,24537,3188],"class_list":["post-69733","post","type-post","status-publish","format-standard","hentry","category-gremiales","tag-florida","tag-metrobus","tag-obelisco","tag-pepsico","tag-policia-de-la-ciudad","tag-vicente-lopez"],"_links":{"self":[{"href":"https:\/\/www.elsindical.com.ar\/notas\/wp-json\/wp\/v2\/posts\/69733","targetHints":{"allow":["GET"]}}],"collection":[{"href":"https:\/\/www.elsindical.com.ar\/notas\/wp-json\/wp\/v2\/posts"}],"about":[{"href":"https:\/\/www.elsindical.com.ar\/notas\/wp-json\/wp\/v2\/types\/post"}],"author":[{"embeddable":true,"href":"https:\/\/www.elsindical.com.ar\/notas\/wp-json\/wp\/v2\/users\/1"}],"replies":[{"embeddable":true,"href":"https:\/\/www.elsindical.com.ar\/notas\/wp-json\/wp\/v2\/comments?post=69733"}],"version-history":[{"count":1,"href":"https:\/\/www.elsindical.com.ar\/notas\/wp-json\/wp\/v2\/posts\/69733\/revisions"}],"predecessor-version":[{"id":69735,"href":"https:\/\/www.elsindical.com.ar\/notas\/wp-json\/wp\/v2\/posts\/69733\/revisions\/69735"}],"wp:attachment":[{"href":"https:\/\/www.elsindical.com.ar\/notas\/wp-json\/wp\/v2\/media?parent=69733"}],"wp:term":[{"taxonomy":"category","embeddable":true,"href":"https:\/\/www.elsindical.com.ar\/notas\/wp-json\/wp\/v2\/categories?post=69733"},{"taxonomy":"post_tag","embeddable":true,"href":"https:\/\/www.elsindical.com.ar\/notas\/wp-json\/wp\/v2\/tags?post=69733"}],"curies":[{"name":"wp","href":"https:\/\/api.w.org\/{rel}","templated":true}]}}