{"id":69690,"date":"2017-07-03T11:47:21","date_gmt":"2017-07-03T14:47:21","guid":{"rendered":"http:\/\/www.elsindical.com.ar\/notas\/?p=69690"},"modified":"2017-07-03T11:47:21","modified_gmt":"2017-07-03T14:47:21","slug":"mar-del-plata-el-somu-continua-capacitando-a-los-marineros-de-todo-el-pais","status":"publish","type":"post","link":"https:\/\/www.elsindical.com.ar\/notas\/mar-del-plata-el-somu-continua-capacitando-a-los-marineros-de-todo-el-pais\/","title":{"rendered":"Mar del Plata: El SOMU contin\u00faa capacitando a los marineros de todo el pa\u00eds"},"content":{"rendered":"<p><em>\u00a0\u00a0 <a href=\"http:\/\/www.elsindical.com.ar\/notas\/var\/www\/html\/notas\/wp-content\/uploads\/2017\/07\/IMG_0601.jpg\"><img loading=\"lazy\" decoding=\"async\" class=\"alignnone size-medium wp-image-69692\" src=\"http:\/\/www.elsindical.com.ar\/notas\/var\/www\/html\/notas\/wp-content\/uploads\/2017\/07\/IMG_0601-300x200.jpg\" alt=\"\" width=\"300\" height=\"200\" srcset=\"https:\/\/www.elsindical.com.ar\/notas\/var\/www\/html\/notas\/wp-content\/uploads\/2017\/07\/IMG_0601-300x200.jpg 300w, https:\/\/www.elsindical.com.ar\/notas\/var\/www\/html\/notas\/wp-content\/uploads\/2017\/07\/IMG_0601-450x300.jpg 450w, https:\/\/www.elsindical.com.ar\/notas\/var\/www\/html\/notas\/wp-content\/uploads\/2017\/07\/IMG_0601.jpg 738w\" sizes=\"auto, (max-width: 300px) 100vw, 300px\" \/><\/a>Los cursos de PBIP 6.1 y 6.2 se dictaron en la Facultad de Derecho de la Universidad Nacional de Mar del Plata (UNMDP). Desde el gremio anunciaron que pr\u00f3ximamente inaugurar\u00e1n espacios para la capacitaci\u00f3n en Corrientes y Puerto Madryn.<\/em><\/p>\n<p>Durante el fin de semana, un equipo de la intervenci\u00f3n del Sindicato de Obreros Mar\u00edtimos Unidos (SOMU) junto a representantes de la escuela Omar A. Rupp y los delegado de la seccional, Carlos Scarcella y Eduardo Costa, inauguraron el ciclo de capacitaciones para los trabajadores mar\u00edtimos del interior\u00a0en la Facultad de Derecho de la Universidad Nacional de Mar del Plata (UNMDP).<\/p>\n<p>Desde el gremio afirmaron que se est\u00e1 trabajando respecto a lo que hace a la capacitaci\u00f3n \u201chemos ampliado los cursos, nos hemos reunido con la gente de la Armada para agilizar la tramitaci\u00f3n de los certificados, y estamos inaugurando nuevas escuelas en el interior del pa\u00eds. Somos conscientes de las dificultades que ocasiona para aquellos afiliados que viven lejos de Buenos Aires tener que desplazarse hasta aquella para asistir a los cursos. Por ello, m\u00e1s all\u00e1 de garantizar la gratuidad no s\u00f3lo de los cursos sino tambi\u00e9n del hospedaje en Buenos Aires, estamos inaugurando estos espacios para la capacitaci\u00f3n de todos los marineros. Estamos contentos que, luego de la capacitaciones en Rosario, la federalizaci\u00f3n \u00a0de los cursos haya llegado a Mar del Plata.\u201d<\/p>\n<p>Matias Romero, marinero de la secci\u00f3n cocina, expres\u00f3: \u201cLa verdad me parece una muy buena iniciativa ya que la mayor\u00eda de los marineros estamos necesitando realizar varios cursos que nos exigen desde Prefectura y las empresas, con esto estamos tratando de complementar y cumplir con todas las exigencia que ellos nos piden\u201d.<\/p>\n<p>Carlos Scarcella y Eduardo Costa, delegados de la intervenci\u00f3n de la seccional Mar del Plata coincidieron al afirmar: \u201cel hecho que hayan venido desde la Escuela Omar Rupp a dar este primer curso es una noticia muy buena para todos los marineros y afiliados al SOMU. Sabemos que la capacitaci\u00f3n es la posibilidad de ir progresando y obteniendo mejores puesto de trabajo dentro de la actividad. Desde la intervenci\u00f3n consideraron que Mar del Plata deb\u00eda ser una sede casi obligatoria por la cantidad de marineros que concentra<strong>\u201d<\/strong>, sostuvieron.<\/p>\n<p>Fabi\u00e1n Salaberry, profesor de la Escuela Omar A. Rupp, afirm\u00f3 que: \u201cEstamos con estos cursos en Mar del Plata, un curso realmente importante para los trabajadores que consisten en la protecci\u00f3n b\u00e1sica en operaciones portuarias, esta es una capacitaci\u00f3n gratuita y necesaria para los marineros, ya que es una exigencia que no s\u00f3lo la hacen las empresas sino tambi\u00e9n la OMI (Organizaci\u00f3n Mar\u00edtima Internaci\u00f3n)\u201d.<\/p>\n<p>Desde el\u00a0SOMU\u00a0anunciaron pr\u00f3ximamente inaugurar\u00e1n nuevos\u00a0espacios para la capacitaci\u00f3n mar\u00edtima\u00a0Corrientes y Puerto Madryn<em>.\u00a0<\/em><\/p>\n<p><a href=\"http:\/\/www.elsindical.com.ar\/notas\/var\/www\/html\/notas\/wp-content\/uploads\/2017\/07\/IMG_0334.jpg\"><img loading=\"lazy\" decoding=\"async\" class=\"alignnone size-medium wp-image-69691\" src=\"http:\/\/www.elsindical.com.ar\/notas\/var\/www\/html\/notas\/wp-content\/uploads\/2017\/07\/IMG_0334-300x200.jpg\" alt=\"\" width=\"300\" height=\"200\" srcset=\"https:\/\/www.elsindical.com.ar\/notas\/var\/www\/html\/notas\/wp-content\/uploads\/2017\/07\/IMG_0334-300x200.jpg 300w, https:\/\/www.elsindical.com.ar\/notas\/var\/www\/html\/notas\/wp-content\/uploads\/2017\/07\/IMG_0334-450x300.jpg 450w, https:\/\/www.elsindical.com.ar\/notas\/var\/www\/html\/notas\/wp-content\/uploads\/2017\/07\/IMG_0334.jpg 738w\" sizes=\"auto, (max-width: 300px) 100vw, 300px\" \/><\/a><\/p>\n","protected":false},"excerpt":{"rendered":"<p>\u00a0\u00a0 Los cursos de PBIP 6.1 y 6.2 se dictaron en la Facultad de Derecho de la Universidad Nacional de Mar del Plata (UNMDP). Desde el gremio anunciaron que pr\u00f3ximamente inaugurar\u00e1n espacios para la capacitaci\u00f3n en Corrientes y Puerto Madryn. Durante el fin de semana, un equipo de la intervenci\u00f3n del Sindicato de Obreros Mar\u00edtimos&hellip;<\/p>\n","protected":false},"author":1,"featured_media":0,"comment_status":"open","ping_status":"open","sticky":false,"template":"","format":"standard","meta":{"footnotes":""},"categories":[16],"tags":[7659,2926,1673,26401,3219,26400],"class_list":["post-69690","post","type-post","status-publish","format-standard","hentry","category-gremiales","tag-capacitacion-2","tag-cursos","tag-mar-del-plata","tag-pbip","tag-somu","tag-unmdp"],"_links":{"self":[{"href":"https:\/\/www.elsindical.com.ar\/notas\/wp-json\/wp\/v2\/posts\/69690","targetHints":{"allow":["GET"]}}],"collection":[{"href":"https:\/\/www.elsindical.com.ar\/notas\/wp-json\/wp\/v2\/posts"}],"about":[{"href":"https:\/\/www.elsindical.com.ar\/notas\/wp-json\/wp\/v2\/types\/post"}],"author":[{"embeddable":true,"href":"https:\/\/www.elsindical.com.ar\/notas\/wp-json\/wp\/v2\/users\/1"}],"replies":[{"embeddable":true,"href":"https:\/\/www.elsindical.com.ar\/notas\/wp-json\/wp\/v2\/comments?post=69690"}],"version-history":[{"count":1,"href":"https:\/\/www.elsindical.com.ar\/notas\/wp-json\/wp\/v2\/posts\/69690\/revisions"}],"predecessor-version":[{"id":69693,"href":"https:\/\/www.elsindical.com.ar\/notas\/wp-json\/wp\/v2\/posts\/69690\/revisions\/69693"}],"wp:attachment":[{"href":"https:\/\/www.elsindical.com.ar\/notas\/wp-json\/wp\/v2\/media?parent=69690"}],"wp:term":[{"taxonomy":"category","embeddable":true,"href":"https:\/\/www.elsindical.com.ar\/notas\/wp-json\/wp\/v2\/categories?post=69690"},{"taxonomy":"post_tag","embeddable":true,"href":"https:\/\/www.elsindical.com.ar\/notas\/wp-json\/wp\/v2\/tags?post=69690"}],"curies":[{"name":"wp","href":"https:\/\/api.w.org\/{rel}","templated":true}]}}