{"id":69591,"date":"2017-06-30T12:36:22","date_gmt":"2017-06-30T15:36:22","guid":{"rendered":"http:\/\/www.elsindical.com.ar\/notas\/?p=69591"},"modified":"2017-06-30T12:36:33","modified_gmt":"2017-06-30T15:36:33","slug":"lanus-a-3-meses-de-la-muerte-ayelen-la-familia-sigue-reclamando-justicia","status":"publish","type":"post","link":"https:\/\/www.elsindical.com.ar\/notas\/lanus-a-3-meses-de-la-muerte-ayelen-la-familia-sigue-reclamando-justicia\/","title":{"rendered":"Lan\u00fas: A 3 meses de la muerte de Ayel\u00e9n, la familia sigue reclamando justicia"},"content":{"rendered":"<p><a href=\"http:\/\/www.elsindical.com.ar\/notas\/var\/www\/html\/notas\/wp-content\/uploads\/2017\/06\/Mariela-Ayel\u00e9n-Sandoval-2.jpg\"><img loading=\"lazy\" decoding=\"async\" class=\"alignnone size-medium wp-image-69592\" src=\"http:\/\/www.elsindical.com.ar\/notas\/var\/www\/html\/notas\/wp-content\/uploads\/2017\/06\/Mariela-Ayel\u00e9n-Sandoval-2-253x300.jpg\" alt=\"\" width=\"253\" height=\"300\" srcset=\"https:\/\/www.elsindical.com.ar\/notas\/var\/www\/html\/notas\/wp-content\/uploads\/2017\/06\/Mariela-Ayel\u00e9n-Sandoval-2-253x300.jpg 253w, https:\/\/www.elsindical.com.ar\/notas\/var\/www\/html\/notas\/wp-content\/uploads\/2017\/06\/Mariela-Ayel\u00e9n-Sandoval-2.jpg 599w\" sizes=\"auto, (max-width: 253px) 100vw, 253px\" \/><\/a>A tres meses de la muerte de Mariela Ayel\u00e9n Sandoval, una joven de Remedios de Escalada, en un dudoso episodio con la presencia de quien fuera su novio, la familia sigue pidiendo justicia.\u00a0 Una de las t\u00edas de la v\u00edctima asegur\u00f3 que el trabajo de la fiscal\u00eda 2 de Lomas de Zamora no es suficiente para ellos, y piden que se realicen avances en la causa a partir de las pruebas que la misma familia present\u00f3.<\/p>\n<p>Karina Gianna indic\u00f3 que \u201cla fiscal quer\u00eda cerrar la causa diciendo que ella \u2013 por Ayel\u00e9n se hab\u00eda hecho eso\u201d. Para la familia, se trat\u00f3 de un caso de femicidio luego de una discusi\u00f3n, por lo que piden que la causa siga dicho rumbo. \u201cHab\u00eda pruebas suficientes\u201d que fueron presentadas ante la fiscal Juanatey que encabeza la UFI 2, especializada en femicidios.<\/p>\n<p>\u201cNosotros presentamos testigos que vieron que la golpeaba\u201d relat\u00f3 Gianna, y asegur\u00f3 que seg\u00fan la fiscal\u00eda \u201cno era prueba suficiente\u201d para que su pareja quede detenida por el hecho.<\/p>\n<p>Mariela Ayel\u00e9n ten\u00eda 19 a\u00f1os, y hace uno que se encontraba en pareja con el \u00fanico sospechoso de la causa, Ariel Paiva, de 21 a\u00f1os. La joven agoniz\u00f3 durante 4 d\u00edas en el Hospital Evita de Lan\u00fas y falleci\u00f3 como consecuencia de las quemaduras sufridas en m\u00e1s del 50 por ciento de su cuerpo. Seg\u00fan la versi\u00f3n de Paiva, fue la misma Ayel\u00e9n quien se roci\u00f3 con alcohol e intent\u00f3 suicidarse. La familia de la v\u00edctima no cree dicha versi\u00f3n, y afirman que se trat\u00f3 de un femicidio.<\/p>\n<p>En relaci\u00f3n a Paiva, Gianna asegur\u00f3 que si \u00e9l no hubiese hecho nada \u201cno se tendr\u00eda que haber ido\u201d, en relaci\u00f3n al tiempo en el que el acusado no estuvo a disposici\u00f3n de la justicia. Adem\u00e1s, asegur\u00f3 que quiso huir a Paraguay con su familia. Entre las pruebas que determinan la culpabilidad de Paiva para la familia, est\u00e1 el hecho que Paiva tard\u00f3 varias horas en avisar qu\u00e9 hab\u00eda sucedido con Ayel\u00e9n, para as\u00ed poder limpiar los elementos que hab\u00edan quedado como prueba en su casa.<\/p>\n<p>\u201c\u00c9l sigue involucrado en la causa y no puede salir del pa\u00eds\u201d indic\u00f3 Gianna y asegur\u00f3 que en los pr\u00f3ximos d\u00edas se llevar\u00e1 a cabo una movilizaci\u00f3n para no dejar el caso impune. \u201cNosotros llevamos las pruebas, \u00e9l tiene que estar preso. No s\u00e9 si es que porque somos pobres no nos dan bola\u201d sentenci\u00f3.<\/p>\n","protected":false},"excerpt":{"rendered":"<p>A tres meses de la muerte de Mariela Ayel\u00e9n Sandoval, una joven de Remedios de Escalada, en un dudoso episodio con la presencia de quien fuera su novio, la familia sigue pidiendo justicia.\u00a0 Una de las t\u00edas de la v\u00edctima asegur\u00f3 que el trabajo de la fiscal\u00eda 2 de Lomas de Zamora no es suficiente&hellip;<\/p>\n","protected":false},"author":1,"featured_media":0,"comment_status":"open","ping_status":"open","sticky":false,"template":"","format":"standard","meta":{"footnotes":""},"categories":[25],"tags":[2329,26369,209,26368,6272,11543],"class_list":["post-69591","post","type-post","status-publish","format-standard","hentry","category-sociedad","tag-homicidio","tag-karina-gianna","tag-lanus","tag-mariela-ayelen-sandoval","tag-remedios-de-escalada","tag-ufi-2"],"_links":{"self":[{"href":"https:\/\/www.elsindical.com.ar\/notas\/wp-json\/wp\/v2\/posts\/69591","targetHints":{"allow":["GET"]}}],"collection":[{"href":"https:\/\/www.elsindical.com.ar\/notas\/wp-json\/wp\/v2\/posts"}],"about":[{"href":"https:\/\/www.elsindical.com.ar\/notas\/wp-json\/wp\/v2\/types\/post"}],"author":[{"embeddable":true,"href":"https:\/\/www.elsindical.com.ar\/notas\/wp-json\/wp\/v2\/users\/1"}],"replies":[{"embeddable":true,"href":"https:\/\/www.elsindical.com.ar\/notas\/wp-json\/wp\/v2\/comments?post=69591"}],"version-history":[{"count":2,"href":"https:\/\/www.elsindical.com.ar\/notas\/wp-json\/wp\/v2\/posts\/69591\/revisions"}],"predecessor-version":[{"id":69594,"href":"https:\/\/www.elsindical.com.ar\/notas\/wp-json\/wp\/v2\/posts\/69591\/revisions\/69594"}],"wp:attachment":[{"href":"https:\/\/www.elsindical.com.ar\/notas\/wp-json\/wp\/v2\/media?parent=69591"}],"wp:term":[{"taxonomy":"category","embeddable":true,"href":"https:\/\/www.elsindical.com.ar\/notas\/wp-json\/wp\/v2\/categories?post=69591"},{"taxonomy":"post_tag","embeddable":true,"href":"https:\/\/www.elsindical.com.ar\/notas\/wp-json\/wp\/v2\/tags?post=69591"}],"curies":[{"name":"wp","href":"https:\/\/api.w.org\/{rel}","templated":true}]}}