{"id":69588,"date":"2017-06-30T12:30:57","date_gmt":"2017-06-30T15:30:57","guid":{"rendered":"http:\/\/www.elsindical.com.ar\/notas\/?p=69588"},"modified":"2017-06-30T12:30:57","modified_gmt":"2017-06-30T15:30:57","slug":"lomas-de-zamora-polo-obrero-pide-la-liberacion-de-un-joven-detenido-en-una-razzia-policial","status":"publish","type":"post","link":"https:\/\/www.elsindical.com.ar\/notas\/lomas-de-zamora-polo-obrero-pide-la-liberacion-de-un-joven-detenido-en-una-razzia-policial\/","title":{"rendered":"Lomas de Zamora: Polo Obrero pide la liberaci\u00f3n de un joven detenido en una \u00abrazzia policial\u00bb"},"content":{"rendered":"<p><a href=\"http:\/\/www.elsindical.com.ar\/notas\/var\/www\/html\/notas\/wp-content\/uploads\/2017\/06\/Polo-Obrero-Lomas-de-Zamora.jpg\"><img loading=\"lazy\" decoding=\"async\" class=\"alignnone size-medium wp-image-69589\" src=\"http:\/\/www.elsindical.com.ar\/notas\/var\/www\/html\/notas\/wp-content\/uploads\/2017\/06\/Polo-Obrero-Lomas-de-Zamora-300x225.jpg\" alt=\"\" width=\"300\" height=\"225\" srcset=\"https:\/\/www.elsindical.com.ar\/notas\/var\/www\/html\/notas\/wp-content\/uploads\/2017\/06\/Polo-Obrero-Lomas-de-Zamora-300x225.jpg 300w, https:\/\/www.elsindical.com.ar\/notas\/var\/www\/html\/notas\/wp-content\/uploads\/2017\/06\/Polo-Obrero-Lomas-de-Zamora-768x576.jpg 768w, https:\/\/www.elsindical.com.ar\/notas\/var\/www\/html\/notas\/wp-content\/uploads\/2017\/06\/Polo-Obrero-Lomas-de-Zamora-400x300.jpg 400w, https:\/\/www.elsindical.com.ar\/notas\/var\/www\/html\/notas\/wp-content\/uploads\/2017\/06\/Polo-Obrero-Lomas-de-Zamora.jpg 960w\" sizes=\"auto, (max-width: 300px) 100vw, 300px\" \/><\/a><em>El Polo Obrero de Lomas de Zamora se moviliz\u00f3 en las primeras horas del jueves ante la municipalidad de Lomas de Zamora y luego realizaron una concentraci\u00f3n en la puerta de Tribunales para pedir la liberaci\u00f3n de uno de sus compa\u00f1eros, Ezequiel Marque, que seg\u00fan denunciaron, hab\u00eda sido detenido en una \u201crazzia policial\u201d horas antes. Si bien en un comienzo la manifestaci\u00f3n se concentr\u00f3 en reclamar la aparici\u00f3n del paradero de Ezequiel, una vez que lograron comunicarse con \u00e9l, comenz\u00f3 el pedido de su libertad.<\/em><\/p>\n<p>Luca Bora, del Polo Obrero, relat\u00f3 los hechos que se sucedieron en la noche del mi\u00e9rcoles, y que terminaron con la detenci\u00f3n arbitraria de Ezequiel. \u201cEl hecho que ocurri\u00f3 fue que los compa\u00f1eros del Polo Obrero quisieron ser detenidos por la polic\u00eda con la excusa de que se estaban movilizando en una moto robada\u201d comenz\u00f3 narrando Bora. El hecho ocurri\u00f3 en el barrio El Progreso, de Villa Rita, donde se denunci\u00f3 el mal accionar de la Polic\u00eda Bonaerense del destacamento de dicho lugar.<\/p>\n<p>Luego de un \u201cforcejeo\u201d, seg\u00fan indic\u00f3 Bora, los efectivos policiales comenzaron a efectuar violencia f\u00edsica contra los que se encontraban en el lugar, entre ellos un menor de 15 a\u00f1os. En total, los heridos en dicha represi\u00f3n fueron quince personas, de las cuales tres eran menores.<\/p>\n<p>Luca Bora indic\u00f3 que Ezequiel, que se encuentra detenido acusado de atacar a tres polic\u00edas y seis patrulleros, no se encontraba en el lugar de los hechos, cuando la polic\u00eda intent\u00f3 secuestrar la moto que s\u00ed correspond\u00eda a Ezequiel, pero que manejaban sus familiares. Seg\u00fan asegur\u00f3 Bora, \u201chay pruebas de que \u00e9l estaba en Coto de Temperley durante el hecho\u201d.<\/p>\n<p>Ezequiel fue detenido una vez que se present\u00f3 en el destacamento de Villa Rita para recuperar la moto que le hab\u00edan secuestrado, y present\u00f3 los papeles necesarios para comprobar que \u00e9l era el due\u00f1o. All\u00ed comenz\u00f3 el caos: \u201cestuvo desaparecido, la comisar\u00eda no sab\u00eda d\u00f3nde estaba ni nos quer\u00edan decir qu\u00e9 fiscal interven\u00eda\u201d afirm\u00f3 Bora.<\/p>\n<p>\u201cEs todo trucho\u201d denunci\u00f3 Bora, y asegur\u00f3 que no es la primera vez que se enfrentan a estos hechos con la polic\u00eda. \u201cNo es un hecho ajeno, en Villa Rita la polic\u00eda amedrenta contra los j\u00f3venes en los barrios, cobran coimas, detienen autos y piden seis mil pesos para liberarlos; en este caso pidieron seis mil pesos para que se acabe el problema\u201d sentenci\u00f3 el joven.<\/p>\n<p>\u201cHasta ahora nos rechazaron verlo. Un juez est\u00e1 viendo si resuelven liberarlo ahora o en cinco d\u00edas\u201d relat\u00f3 Bora, y asegur\u00f3 que \u201chay una delegaci\u00f3n de compa\u00f1eros dentro de Tribunales esperando una respuesta, mientras que otro grupo sali\u00f3 a recorrer los barrios, la Universidad Nacional de Lomas de Zamora y las puertas de los sindicatos\u201d.<\/p>\n<p>Seg\u00fan indic\u00f3 al portal Bora, el d\u00eda de ma\u00f1ana Polo Obrero, el Partido Obrero, organizaciones de Derechos Humanos, sindical y pol\u00edticas se concentrar\u00e1n a las 10 de la ma\u00f1ana en la Estaci\u00f3n de Lomas de Zamora, para volver a marcha al Municipio \u201cdenunciando los atropellos policiales en las barriadas de Lomas\u201d. \u201cSi no lo liberan, vamos a Tribunales\u201d finaliz\u00f3.<\/p>\n","protected":false},"excerpt":{"rendered":"<p>El Polo Obrero de Lomas de Zamora se moviliz\u00f3 en las primeras horas del jueves ante la municipalidad de Lomas de Zamora y luego realizaron una concentraci\u00f3n en la puerta de Tribunales para pedir la liberaci\u00f3n de uno de sus compa\u00f1eros, Ezequiel Marque, que seg\u00fan denunciaron, hab\u00eda sido detenido en una \u201crazzia policial\u201d horas antes.&hellip;<\/p>\n","protected":false},"author":1,"featured_media":0,"comment_status":"open","ping_status":"open","sticky":false,"template":"","format":"standard","meta":{"footnotes":""},"categories":[25],"tags":[26367,744,26366,6811,21772],"class_list":["post-69588","post","type-post","status-publish","format-standard","hentry","category-sociedad","tag-ezequiel-marque","tag-lomas-de-zamora","tag-luca-bora","tag-polo-obrero","tag-villa-rita"],"_links":{"self":[{"href":"https:\/\/www.elsindical.com.ar\/notas\/wp-json\/wp\/v2\/posts\/69588","targetHints":{"allow":["GET"]}}],"collection":[{"href":"https:\/\/www.elsindical.com.ar\/notas\/wp-json\/wp\/v2\/posts"}],"about":[{"href":"https:\/\/www.elsindical.com.ar\/notas\/wp-json\/wp\/v2\/types\/post"}],"author":[{"embeddable":true,"href":"https:\/\/www.elsindical.com.ar\/notas\/wp-json\/wp\/v2\/users\/1"}],"replies":[{"embeddable":true,"href":"https:\/\/www.elsindical.com.ar\/notas\/wp-json\/wp\/v2\/comments?post=69588"}],"version-history":[{"count":1,"href":"https:\/\/www.elsindical.com.ar\/notas\/wp-json\/wp\/v2\/posts\/69588\/revisions"}],"predecessor-version":[{"id":69590,"href":"https:\/\/www.elsindical.com.ar\/notas\/wp-json\/wp\/v2\/posts\/69588\/revisions\/69590"}],"wp:attachment":[{"href":"https:\/\/www.elsindical.com.ar\/notas\/wp-json\/wp\/v2\/media?parent=69588"}],"wp:term":[{"taxonomy":"category","embeddable":true,"href":"https:\/\/www.elsindical.com.ar\/notas\/wp-json\/wp\/v2\/categories?post=69588"},{"taxonomy":"post_tag","embeddable":true,"href":"https:\/\/www.elsindical.com.ar\/notas\/wp-json\/wp\/v2\/tags?post=69588"}],"curies":[{"name":"wp","href":"https:\/\/api.w.org\/{rel}","templated":true}]}}