{"id":6955,"date":"2010-05-31T08:41:19","date_gmt":"2010-05-31T11:41:19","guid":{"rendered":"http:\/\/www.elsindical.com.ar\/notas\/?p=6955"},"modified":"2010-05-31T08:41:19","modified_gmt":"2010-05-31T11:41:19","slug":"dia-mundial-sin-tabaco-crecio-100-la-muerte-por-cancer-de-pulmon-en-mujeres-argentinas","status":"publish","type":"post","link":"https:\/\/www.elsindical.com.ar\/notas\/dia-mundial-sin-tabaco-crecio-100-la-muerte-por-cancer-de-pulmon-en-mujeres-argentinas\/","title":{"rendered":"D\u00eda Mundial sin Tabaco: creci\u00f3 100% la muerte por c\u00e1ncer de pulm\u00f3n en mujeres argentinas"},"content":{"rendered":"<p style=\"text-align: justify;\"><em><a href=\"http:\/\/www.elsindical.com.ar\/notas\/var\/www\/html\/notas\/wp-content\/uploads\/2010\/05\/fumadora-y-c\u00e1ncer.jpg\"><img loading=\"lazy\" decoding=\"async\" class=\"alignleft size-medium wp-image-6956\" title=\"fumadora y c\u00e1ncer\" src=\"http:\/\/www.elsindical.com.ar\/notas\/var\/www\/html\/notas\/wp-content\/uploads\/2010\/05\/fumadora-y-c\u00e1ncer-300x180.jpg\" alt=\"\" width=\"300\" height=\"180\" srcset=\"https:\/\/www.elsindical.com.ar\/notas\/var\/www\/html\/notas\/wp-content\/uploads\/2010\/05\/fumadora-y-c\u00e1ncer-300x180.jpg 300w, https:\/\/www.elsindical.com.ar\/notas\/var\/www\/html\/notas\/wp-content\/uploads\/2010\/05\/fumadora-y-c\u00e1ncer.jpg 600w\" sizes=\"auto, (max-width: 300px) 100vw, 300px\" \/><\/a>Las estad\u00edsticas del Ministerio de Salud de la Naci\u00f3n aseguran tambi\u00e9n que <strong>6.000 fallecimientos femeninos anuales est\u00e1n relacionados con enfermedades causadas por el humo ajeno<\/strong>. La OMS lanz\u00f3 este a\u00f1o una campa\u00f1a para protegerlas.<\/em><\/p>\n<p style=\"text-align: justify;\">En el marco del D\u00eda Mundial sin Tabaco, que se celebra hoy en todo el planeta, el Ministerio de Salud de la Naci\u00f3n difundi\u00f3 una serie de estad\u00edsticas sobre los <strong>efectos que el tabaquismo activo o pasivo ejerce en las mujeres<\/strong>. Dada la <strong>tendencia creciente a nivel mundial de adicci\u00f3n femenina<\/strong>, la Organizaci\u00f3n Mundial de la Salud decidi\u00f3 que esta poblaci\u00f3n sea la destinataria de la campa\u00f1a 2010.<\/p>\n<p>En el a\u00f1o 2000, la epidemia de tabaco lleg\u00f3 a un pico en la Argentina, donde el <strong>40,4% de los adultos consum\u00eda cigarrillos<\/strong>, casi el doble que en los Estados Unidos (23,6 por ciento).<\/p>\n<p>Si bien est\u00e1 comprobado que esta epidemia afecta m\u00e1s a hombres que mujeres a nivel mundial, <strong>la proporci\u00f3n de fumadoras en la Argentina es mucho m\u00e1s alta que la de otros pa\u00edses<\/strong>, al punto de que las adolescentes superan a los varones j\u00f3venes en el consumo de cigarrillos.<\/p>\n<p>Por otra parte, desde la cartera sanitaria observaron en el pa\u00eds desde hace alg\u00fan tiempo un <strong>preocupante aumento en los c\u00e1nceres de pulm\u00f3n femeninos<\/strong>, relacionado con el <strong>mayor consumo de tabaco entre las mujeres<\/strong>.<\/p>\n<p>Si se comparan las tasas de 1980 con las de 2008, se verifica que <strong>el c\u00e1ncer de pulm\u00f3n se duplic\u00f3 en las mujeres argentinas<\/strong>. Mientras que en los hombres las muertes por este tipo de tumores se redujeron un 2% anual desde 1980, <strong>en las mujeres se incrementaron un 1,7% por a\u00f1o<\/strong>. De acuerdo con los expertos del Ministerio de Salud de la Naci\u00f3n,<strong> el c\u00e1ncer de pulm\u00f3n podr\u00eda convertirse en la segunda causa de muerte por\u00a0tumores en las mujeres (el primero es el de mama).<br \/>\n<\/strong><br \/>\nRespecto al porcentaje de la poblaci\u00f3n adulta que fuma, <strong>un 28,6% actualmente son mujeres, mientras otras 13,4% lograron abandonar el cigarrillo<\/strong>, lo que indica la magnitud de la epidemia entre las argentinas de 18 a 64 a\u00f1os.<\/p>\n<p><strong>En las j\u00f3venes, la edad de inicio en el tabaquismo es cada vez m\u00e1s precoz<\/strong>, al punto de que <strong>ellas comienzan a fumar antes que los varones<\/strong>. Si hace cuatro d\u00e9cadas las mujeres empezaban a fumar a los 28 a\u00f1os, <strong>hoy las chicas prueban los cigarrillos a los 13<\/strong>.<\/p>\n<p>Por otra parte, <strong>el porcentaje de las adolescentes fumadoras es mayor que\u00a0el de j\u00f3venes varones<\/strong>.\u00a0Un 27,3% de las chicas de 13 a 15 a\u00f1os fuma, mientras que los j\u00f3venes de esa edad que consumen cigarrillos son\u00a0un 21,1 por ciento.<\/p>\n<p>Como si esto fuera poco, <strong>el 88,7% de los menores fumadores adquiri\u00f3 los cigarrillos en un negocio donde nadie le neg\u00f3 la venta debido a su edad.<\/strong> A las chicas argentinas, incluso, les resulta <strong>m\u00e1s f\u00e1cil acceder al tabaco <\/strong>que a los varones, seg\u00fan la Encuesta Mundial de Tabaquismo en J\u00f3venes realizada en 2007 por el Ministerio de Salud de la Naci\u00f3n, junto con la Organizaci\u00f3n Panamericana de la Salud (OPS) y el Centro de Control de Enfermedades (CDC) de los Estados Unidos.<\/p>\n<p><strong>Consecuencias para la salud<\/strong><\/p>\n<p style=\"text-align: justify;\">En todo el mundo, cada vez m\u00e1s mujeres padecen <strong>c\u00e1ncer de pulm\u00f3n, enfisema, c\u00e1ncer de boca y de garganta <\/strong>causados por el cigarrillo en forma<strong> directa <\/strong>-es decir, por fumar- y tambi\u00e9n indirectamente, es decir, por inhalar el <strong>humo ajeno<\/strong>.<\/p>\n<p>Cualquier persona que fuma, adem\u00e1s, padece un <strong>mayor riesgo de sufrir no s\u00f3lo tumores sino tambi\u00e9n infartos card\u00edacos y ataques cerebrovasculares <\/strong>que una que no fuma. Pero las mujeres est\u00e1n en mayor\u00a0peligro de enfermar por el tabaco que los hombres, ya que el cigarrillo genera en ellas <strong>c\u00e1ncer de cuello uterino y posiblemente tambi\u00e9n algunos\u00a0tumores de mama.<br \/>\n<\/strong><br \/>\nLas adictas al tabaco enfrentan tambi\u00e9n <strong>problemas para concebir hijos<\/strong>. Adem\u00e1s, fumar durante el embarazo aumenta el riesgo de tener un <strong>parto prematuro<\/strong>, y puede llevar a la<strong> muerte fetal y neonatal<\/strong>. Las mujeres que fuman incluso pueden padecer <strong>dificultades para dar de mamar a sus beb\u00e9s<\/strong>.<\/p>\n","protected":false},"excerpt":{"rendered":"<p>Las estad\u00edsticas del Ministerio de Salud de la Naci\u00f3n aseguran tambi\u00e9n que 6.000 fallecimientos femeninos anuales est\u00e1n relacionados con enfermedades causadas por el humo ajeno. La OMS lanz\u00f3 este a\u00f1o una campa\u00f1a para protegerlas. En el marco del D\u00eda Mundial sin Tabaco, que se celebra hoy en todo el planeta, el Ministerio de Salud de&hellip;<\/p>\n","protected":false},"author":1,"featured_media":0,"comment_status":"open","ping_status":"open","sticky":false,"template":"","format":"standard","meta":{"footnotes":""},"categories":[23],"tags":[3325,3535,3534],"class_list":["post-6955","post","type-post","status-publish","format-standard","hentry","category-salud","tag-cancer","tag-fumadoras","tag-ministerio-de-salud-de-la-nacion"],"_links":{"self":[{"href":"https:\/\/www.elsindical.com.ar\/notas\/wp-json\/wp\/v2\/posts\/6955","targetHints":{"allow":["GET"]}}],"collection":[{"href":"https:\/\/www.elsindical.com.ar\/notas\/wp-json\/wp\/v2\/posts"}],"about":[{"href":"https:\/\/www.elsindical.com.ar\/notas\/wp-json\/wp\/v2\/types\/post"}],"author":[{"embeddable":true,"href":"https:\/\/www.elsindical.com.ar\/notas\/wp-json\/wp\/v2\/users\/1"}],"replies":[{"embeddable":true,"href":"https:\/\/www.elsindical.com.ar\/notas\/wp-json\/wp\/v2\/comments?post=6955"}],"version-history":[{"count":2,"href":"https:\/\/www.elsindical.com.ar\/notas\/wp-json\/wp\/v2\/posts\/6955\/revisions"}],"predecessor-version":[{"id":6958,"href":"https:\/\/www.elsindical.com.ar\/notas\/wp-json\/wp\/v2\/posts\/6955\/revisions\/6958"}],"wp:attachment":[{"href":"https:\/\/www.elsindical.com.ar\/notas\/wp-json\/wp\/v2\/media?parent=6955"}],"wp:term":[{"taxonomy":"category","embeddable":true,"href":"https:\/\/www.elsindical.com.ar\/notas\/wp-json\/wp\/v2\/categories?post=6955"},{"taxonomy":"post_tag","embeddable":true,"href":"https:\/\/www.elsindical.com.ar\/notas\/wp-json\/wp\/v2\/tags?post=6955"}],"curies":[{"name":"wp","href":"https:\/\/api.w.org\/{rel}","templated":true}]}}