{"id":6947,"date":"2010-05-31T01:42:04","date_gmt":"2010-05-31T04:42:04","guid":{"rendered":"http:\/\/www.elsindical.com.ar\/notas\/?p=6947"},"modified":"2010-05-31T01:42:04","modified_gmt":"2010-05-31T04:42:04","slug":"paro-de-camioneros-por-tiempo-indeterminado","status":"publish","type":"post","link":"https:\/\/www.elsindical.com.ar\/notas\/paro-de-camioneros-por-tiempo-indeterminado\/","title":{"rendered":"Paro de camioneros por tiempo indeterminado"},"content":{"rendered":"<p style=\"text-align: justify;\"><em><a href=\"http:\/\/www.elsindical.com.ar\/notas\/var\/www\/html\/notas\/wp-content\/uploads\/2010\/05\/paro-camioneros.jpg\"><img loading=\"lazy\" decoding=\"async\" class=\"alignleft size-full wp-image-6948\" title=\"paro-camioneros\" src=\"http:\/\/www.elsindical.com.ar\/notas\/var\/www\/html\/notas\/wp-content\/uploads\/2010\/05\/paro-camioneros.jpg\" alt=\"\" width=\"255\" height=\"153\" \/><\/a>La medida rige\u00a0para la Ciudad de Buenos Aires y es en protesta por la intenci\u00f3n de modificar los horarios de carga y descarga de mercader\u00eda.<strong> Con Pablo Moyano a la cabeza, bloquear\u00e1n\u00a0plantas de gaseosas.<\/strong><\/em><\/p>\n<p style=\"text-align: justify;\">Camioneros de carga y descarga de alimentos <strong>realizan desde\u00a0la medianoche un paro en Capital Federal por \u00abtiempo indeterminado\u00bb, en rechazo a eventuales cambio del horario de la jornada laboral<\/strong>.<\/p>\n<p>El vocero del gremio de Camioneros, H\u00e9ctor \u00abYuyo\u00bb L\u00f3pez, adelant\u00f3 que\u00a0<strong>hoy\u00a0a las 07:00 hs.\u00a0se realizar\u00e1 adem\u00e1s una manifestaci\u00f3n en Barracas<\/strong>, donde funcionan las plantas de Coca-Cola y Pepsi.<\/p>\n<p><strong>La protesta en esas plantas estar\u00e1 encabezada por Moyano y buscar\u00e1 bloquear la salida de camiones con mercader\u00eda.<br \/>\n<\/strong><br \/>\n<strong>Los camiones de reparto no podr\u00e1n ingresar al macrocentro despu\u00e9s de las 08:00 hs.\u00a0y deber\u00e1n retirarse del \u00e1rea a m\u00e1s tardar a las 11:30 hs.<\/strong><\/p>\n<p>Con esta normativa, que se aplicar\u00e1 en los pr\u00f3ximos d\u00edas, <strong>el gobierno porte\u00f1o busca aliviar los problemas del tr\u00e1nsito existentes en la Ciudad<\/strong>.<\/p>\n<p>\u00abNo pueden prohibir el horario normal\u00bb de descarga porque \u00abning\u00fan comerciante va a esperar la mercader\u00eda y tan tarde pueden haber robos\u00bb, dijo L\u00f3pez.<\/p>\n","protected":false},"excerpt":{"rendered":"<p>La medida rige\u00a0para la Ciudad de Buenos Aires y es en protesta por la intenci\u00f3n de modificar los horarios de carga y descarga de mercader\u00eda. Con Pablo Moyano a la cabeza, bloquear\u00e1n\u00a0plantas de gaseosas. Camioneros de carga y descarga de alimentos realizan desde\u00a0la medianoche un paro en Capital Federal por \u00abtiempo indeterminado\u00bb, en rechazo a&hellip;<\/p>\n","protected":false},"author":1,"featured_media":0,"comment_status":"open","ping_status":"open","sticky":false,"template":"","format":"standard","meta":{"footnotes":""},"categories":[16],"tags":[1298,1341,632,67],"class_list":["post-6947","post","type-post","status-publish","format-standard","hentry","category-gremiales","tag-camioneros","tag-ciudad-de-buenos-aires","tag-pablo-moyano","tag-paro"],"_links":{"self":[{"href":"https:\/\/www.elsindical.com.ar\/notas\/wp-json\/wp\/v2\/posts\/6947","targetHints":{"allow":["GET"]}}],"collection":[{"href":"https:\/\/www.elsindical.com.ar\/notas\/wp-json\/wp\/v2\/posts"}],"about":[{"href":"https:\/\/www.elsindical.com.ar\/notas\/wp-json\/wp\/v2\/types\/post"}],"author":[{"embeddable":true,"href":"https:\/\/www.elsindical.com.ar\/notas\/wp-json\/wp\/v2\/users\/1"}],"replies":[{"embeddable":true,"href":"https:\/\/www.elsindical.com.ar\/notas\/wp-json\/wp\/v2\/comments?post=6947"}],"version-history":[{"count":2,"href":"https:\/\/www.elsindical.com.ar\/notas\/wp-json\/wp\/v2\/posts\/6947\/revisions"}],"predecessor-version":[{"id":6950,"href":"https:\/\/www.elsindical.com.ar\/notas\/wp-json\/wp\/v2\/posts\/6947\/revisions\/6950"}],"wp:attachment":[{"href":"https:\/\/www.elsindical.com.ar\/notas\/wp-json\/wp\/v2\/media?parent=6947"}],"wp:term":[{"taxonomy":"category","embeddable":true,"href":"https:\/\/www.elsindical.com.ar\/notas\/wp-json\/wp\/v2\/categories?post=6947"},{"taxonomy":"post_tag","embeddable":true,"href":"https:\/\/www.elsindical.com.ar\/notas\/wp-json\/wp\/v2\/tags?post=6947"}],"curies":[{"name":"wp","href":"https:\/\/api.w.org\/{rel}","templated":true}]}}