{"id":69434,"date":"2017-06-26T14:29:58","date_gmt":"2017-06-26T17:29:58","guid":{"rendered":"http:\/\/www.elsindical.com.ar\/notas\/?p=69434"},"modified":"2017-06-26T14:29:58","modified_gmt":"2017-06-26T17:29:58","slug":"el-cartel-de-ni-una-menos-no-esta-haciendo-mucho-por-nosotras-amalia-granata","status":"publish","type":"post","link":"https:\/\/www.elsindical.com.ar\/notas\/el-cartel-de-ni-una-menos-no-esta-haciendo-mucho-por-nosotras-amalia-granata\/","title":{"rendered":"\u201cEl cartel de Ni una menos no est\u00e1 haciendo mucho por nosotras\u201d, Amalia Granata"},"content":{"rendered":"<p><em>\u00a0<a href=\"http:\/\/www.elsindical.com.ar\/notas\/var\/www\/html\/notas\/wp-content\/uploads\/2017\/06\/Amalia-Granata-candidata.jpg\"><img loading=\"lazy\" decoding=\"async\" class=\"alignnone size-medium wp-image-69435\" src=\"http:\/\/www.elsindical.com.ar\/notas\/var\/www\/html\/notas\/wp-content\/uploads\/2017\/06\/Amalia-Granata-candidata-300x206.jpg\" alt=\"\" width=\"300\" height=\"206\" srcset=\"https:\/\/www.elsindical.com.ar\/notas\/var\/www\/html\/notas\/wp-content\/uploads\/2017\/06\/Amalia-Granata-candidata-300x206.jpg 300w, https:\/\/www.elsindical.com.ar\/notas\/var\/www\/html\/notas\/wp-content\/uploads\/2017\/06\/Amalia-Granata-candidata-436x300.jpg 436w, https:\/\/www.elsindical.com.ar\/notas\/var\/www\/html\/notas\/wp-content\/uploads\/2017\/06\/Amalia-Granata-candidata.jpg 630w\" sizes=\"auto, (max-width: 300px) 100vw, 300px\" \/><\/a> La candidatura pol\u00edtica de Amalia Granata, quien aspira a ser diputada nacional, ya genera reacciones entre el p\u00fablico, quienes le cuestionan errores en las propagandas y algunas frases vertidas por la modelo y conductora.<\/em><\/p>\n<p>Finalmente Amalia Granata se lanz\u00f3 a la carrera electoral. Su nombre encabeza la lista Una Santa Fe Renovada que, aunque contenida dentro del massismo, no disputar\u00e1 un lugar en la lista para las generales con el otro precadidato del massismo, el concejal rosarino Diego Giuliano. En contacto con Radio 2, habl\u00f3 sobre los temas que la preocupan, entre ellos la violencia de g\u00e9nero y la crisis h\u00eddrica en Santa Fe. Su relaci\u00f3n con el diputado nacional Alejandro Grandinetti y el episodio del hackeo a su cuenta de Twitter.<\/p>\n<p>En contacto con los periodistas Ciro Seisas y Hern\u00e1n Funes del programa A diario, Granata destac\u00f3 que uno de los temas que aspira tratar en el Congreso, de resultar electa en octubre, es la violencia de g\u00e9nero y se mostr\u00f3 cr\u00edtica con las manifestaciones de \u201cNi una menos\u201d.<\/p>\n<p>\u201cEl cartel de Ni una menos y las manifestaciones no est\u00e1n haciendo mucho por nosotras hay que tomar pol\u00edticas a largo plazo\u201d, llam\u00f3 la atenci\u00f3n y se\u00f1al\u00f3 que en Santa Fe \u201cfaltan m\u00e1s comisar\u00edas y refugios para las mujeres\u201d.<\/p>\n<p>Tambi\u00e9n indic\u00f3 que la crisis h\u00eddrica que atraviesa la provincia es otro de los temas que la convocan. \u201cSanta Fe est\u00e1 inundada, es problema grave que va creciendo y ninguno est\u00e1 haciendo nada\u201d, se quej\u00f3.<\/p>\n<p>Consultada sobre Giuliano, quien tambi\u00e9n se apoya en Sergio Massa para conseguir una banca, la medi\u00e1tica explic\u00f3 que la l\u00f3gica en esta primera batalla electoral \u201ces mas o menos\u201d como la de Cristina Fern\u00e1nez y Florencio Randazzo, dos precandidatos referenciados en el peronismo pero que no se enfrentar\u00e1n en las Paso por la candidatura al Senado.<\/p>\n<p>En su caso, el otro precandidato es el edil rosarino y la misma referencia, Massa.<\/p>\n<p>Finalmente, sobre el hackeo a su cuenta este fin de semana, casi inmediatamente despu\u00e9s del cierre de listas el s\u00e1bado a la medianoche, prometi\u00f3 que el intruso no se va a salir con la suya y dijo que rastrean su IP.<\/p>\n<p>\u00abMassa, Randazzo y CFK son lo mismo\u00bb, fue uno de los twits que que envi\u00f3 el hacker desde @ameliegranata. Otros simplemente eran bromas sobre el hackeo.<\/p>\n<p><a href=\"http:\/\/www.elsindical.com.ar\/notas\/var\/www\/html\/notas\/wp-content\/uploads\/2017\/06\/errores-campa\u00f1a-Amalia-Granata.jpg\"><img loading=\"lazy\" decoding=\"async\" class=\"alignnone size-medium wp-image-69436\" src=\"http:\/\/www.elsindical.com.ar\/notas\/var\/www\/html\/notas\/wp-content\/uploads\/2017\/06\/errores-campa\u00f1a-Amalia-Granata-300x255.jpg\" alt=\"\" width=\"300\" height=\"255\" srcset=\"https:\/\/www.elsindical.com.ar\/notas\/var\/www\/html\/notas\/wp-content\/uploads\/2017\/06\/errores-campa\u00f1a-Amalia-Granata-300x255.jpg 300w, https:\/\/www.elsindical.com.ar\/notas\/var\/www\/html\/notas\/wp-content\/uploads\/2017\/06\/errores-campa\u00f1a-Amalia-Granata-353x300.jpg 353w, https:\/\/www.elsindical.com.ar\/notas\/var\/www\/html\/notas\/wp-content\/uploads\/2017\/06\/errores-campa\u00f1a-Amalia-Granata.jpg 568w\" sizes=\"auto, (max-width: 300px) 100vw, 300px\" \/><\/a><\/p>\n","protected":false},"excerpt":{"rendered":"<p>\u00a0 La candidatura pol\u00edtica de Amalia Granata, quien aspira a ser diputada nacional, ya genera reacciones entre el p\u00fablico, quienes le cuestionan errores en las propagandas y algunas frases vertidas por la modelo y conductora. Finalmente Amalia Granata se lanz\u00f3 a la carrera electoral. Su nombre encabeza la lista Una Santa Fe Renovada que, aunque&hellip;<\/p>\n","protected":false},"author":1,"featured_media":0,"comment_status":"open","ping_status":"open","sticky":false,"template":"","format":"standard","meta":{"footnotes":""},"categories":[13],"tags":[11893,7282,6196,22233,3918],"class_list":["post-69434","post","type-post","status-publish","format-standard","hentry","category-politica","tag-amalia-granata","tag-diputada-nacional","tag-frases","tag-ni-una-menos","tag-sergio-massa"],"_links":{"self":[{"href":"https:\/\/www.elsindical.com.ar\/notas\/wp-json\/wp\/v2\/posts\/69434","targetHints":{"allow":["GET"]}}],"collection":[{"href":"https:\/\/www.elsindical.com.ar\/notas\/wp-json\/wp\/v2\/posts"}],"about":[{"href":"https:\/\/www.elsindical.com.ar\/notas\/wp-json\/wp\/v2\/types\/post"}],"author":[{"embeddable":true,"href":"https:\/\/www.elsindical.com.ar\/notas\/wp-json\/wp\/v2\/users\/1"}],"replies":[{"embeddable":true,"href":"https:\/\/www.elsindical.com.ar\/notas\/wp-json\/wp\/v2\/comments?post=69434"}],"version-history":[{"count":1,"href":"https:\/\/www.elsindical.com.ar\/notas\/wp-json\/wp\/v2\/posts\/69434\/revisions"}],"predecessor-version":[{"id":69437,"href":"https:\/\/www.elsindical.com.ar\/notas\/wp-json\/wp\/v2\/posts\/69434\/revisions\/69437"}],"wp:attachment":[{"href":"https:\/\/www.elsindical.com.ar\/notas\/wp-json\/wp\/v2\/media?parent=69434"}],"wp:term":[{"taxonomy":"category","embeddable":true,"href":"https:\/\/www.elsindical.com.ar\/notas\/wp-json\/wp\/v2\/categories?post=69434"},{"taxonomy":"post_tag","embeddable":true,"href":"https:\/\/www.elsindical.com.ar\/notas\/wp-json\/wp\/v2\/tags?post=69434"}],"curies":[{"name":"wp","href":"https:\/\/api.w.org\/{rel}","templated":true}]}}