{"id":6943,"date":"2010-05-31T01:03:00","date_gmt":"2010-05-31T04:03:00","guid":{"rendered":"http:\/\/www.elsindical.com.ar\/notas\/?p=6943"},"modified":"2010-05-31T01:03:25","modified_gmt":"2010-05-31T04:03:25","slug":"efemerides-del-dia-31-de-mayo","status":"publish","type":"post","link":"https:\/\/www.elsindical.com.ar\/notas\/efemerides-del-dia-31-de-mayo\/","title":{"rendered":"EFEM\u00c9RIDES: DEL D\u00cdA 31 DE MAYO"},"content":{"rendered":"<p style=\"text-align: justify;\"><a href=\"http:\/\/www.elsindical.com.ar\/notas\/var\/www\/html\/notas\/wp-content\/uploads\/2010\/05\/Reyes-cat\u00f3licos.jpg\"><img loading=\"lazy\" decoding=\"async\" class=\"alignleft size-full wp-image-6944\" title=\"Reyes-cat\u00f3licos\" src=\"http:\/\/www.elsindical.com.ar\/notas\/var\/www\/html\/notas\/wp-content\/uploads\/2010\/05\/Reyes-cat\u00f3licos.jpg\" alt=\"\" width=\"227\" height=\"191\" \/><\/a>En un 31 de mayo, pero de 2000, el Congreso de Ecuador aprueba una amnist\u00eda general para los militares que protagonizaron la insurrecci\u00f3n que depuso al presidente Jamil Mahuad.<\/p>\n<p style=\"text-align: justify;\">1492- Los Reyes Cat\u00f3licos firman el Decreto de expulsi\u00f3n de los jud\u00edos de todos sus reinos con un plazo m\u00e1ximo de cuatro meses.<\/p>\n<p style=\"text-align: justify;\">1578- Fallece Garc\u00eda de Toledo, marino espa\u00f1ol.<\/p>\n<p style=\"text-align: justify;\">1594- Fallece Jacobo Robusti, \u00abTintoretto\u00bb, pintor veneciano.<\/p>\n<p style=\"text-align: justify;\">1653- Inocencio X condena las doctrinas jansenistas.<\/p>\n<p style=\"text-align: justify;\">1793- Los extremistas de la Convenci\u00f3n declaran fuera de la ley a los girondinos o moderados, con lo que comienza el periodo del \u00abTerror\u00bb de la Revoluci\u00f3n Francesa.<\/p>\n<p style=\"text-align: justify;\">1809- Fallece Joseph Haydn, compositor austr\u00edaco.<\/p>\n<p style=\"text-align: justify;\">1819- Nace Walt Whitman, poeta estadounidense.<\/p>\n<p style=\"text-align: justify;\">1820- Supresi\u00f3n de la Inquisici\u00f3n en M\u00e9xico.<\/p>\n<p style=\"text-align: justify;\">1874- Estreno, en la iglesia de San Marcos de Mil\u00e1n, de la \u00abMisa de Requiem\u00bb que Verdi compuso por la muerte del escritor Manzoni.<\/p>\n<p style=\"text-align: justify;\">1877- Inauguraci\u00f3n en Honduras del servicio telegr\u00e1fico.<\/p>\n<p style=\"text-align: justify;\">1878- Naufraga en las costas inglesas el acorazado alem\u00e1n \u00abGrosser-Kurfurst\u00bb y perecen 269 de sus tripulantes.<\/p>\n<p style=\"text-align: justify;\">1887- Nace Alexis Saint John-Perse, poeta franc\u00e9s y Premio Nobel de Literatura 1960.<\/p>\n<p style=\"text-align: justify;\">1888- Brasil declara extinguida la esclavitud en el Imperio.<\/p>\n<p style=\"text-align: justify;\">1891- Comienza la construcci\u00f3n del ferrocarril Transiberiano.<\/p>\n<p style=\"text-align: justify;\">1900- Guerra de Transvaal: los brit\u00e1nicos toman Johannesburgo y los boers -colonos holandeses del \u00c1frica austral-, se repliegan a Pretoria.<\/p>\n<p style=\"text-align: justify;\">1902- Tratado de Vereeniging que pone fin a la Guerra de los Boers que enfrent\u00f3 a Orange y Transvaal con el Imperio brit\u00e1nico, con el resultado favorable para \u00e9stos.<\/p>\n<p style=\"text-align: justify;\">1906- Boda en Madrid del rey Alfonso XIII con la princesa Victoria Eugenia de Battenberg. El anarquista Mateo Morral arroj\u00f3 una bomba contra la comitiva real en la calle Mayor, que no alcanz\u00f3 a los reyes pero caus\u00f3 la muerte a 30 personas.<\/p>\n<p style=\"text-align: justify;\">1910- Las provincias de El Cabo, Transvaal, Natal y el Estado libre de Orange se unen para formar la Uni\u00f3n Sudafricana, integrada en la Commonwealth.<\/p>\n<p style=\"text-align: justify;\">&#8211; Inauguraci\u00f3n en Buenos Aires de la Academia de Correspondientes de la Real de la Academia Espa\u00f1ola.<\/p>\n<p style=\"text-align: justify;\">&#8211; Nace Luis Rosales, poeta espa\u00f1ol.<\/p>\n<p style=\"text-align: justify;\">1911- Nace Maurice Allais, economista franc\u00e9s y Premio Nobel de Econom\u00eda en 1988.<\/p>\n<p style=\"text-align: justify;\">1923- Nace Rainiero III, pr\u00edncipe de M\u00f3naco.<\/p>\n<p style=\"text-align: justify;\">1930- Nace Clint Eastwood, actor y director de cine estadounidense.<\/p>\n<p style=\"text-align: justify;\">1932- Hindenburg encarga a Von Papen la formaci\u00f3n de nuevo Gobierno en Alemania.<\/p>\n<p style=\"text-align: justify;\">1933- Gran Breta\u00f1a logra un armisticio entre China y Jap\u00f3n.<\/p>\n<p style=\"text-align: justify;\">1935- Un terremoto destruye la ciudad de Quetta (Pakist\u00e1n) y mueren m\u00e1s de 56.000 personas.<\/p>\n<p style=\"text-align: justify;\">1939- Firma en Berl\u00edn de un pacto de no agresi\u00f3n germano-dan\u00e9s.<\/p>\n<p style=\"text-align: justify;\">1940- Nace Alfonso Guerra Gonz\u00e1lez, pol\u00edtico espa\u00f1ol.<\/p>\n<p style=\"text-align: justify;\">1947- Dimite el primer ministro h\u00fangaro, Ferenc Nagy. Le sustituye Lajos Dinnyes, del Partido de los Peque\u00f1os Campesinos.<\/p>\n<p style=\"text-align: justify;\">1948- Nace Enrique Lynch, fil\u00f3sofo y escritor espa\u00f1ol nacido en Argentina.<\/p>\n<p style=\"text-align: justify;\">1949- Rotas las relaciones comerciales entre la URSS y Yugoslavia.<\/p>\n<p style=\"text-align: justify;\">1950- Se crea en Argentina la Comisi\u00f3n Nacional de Energ\u00eda At\u00f3mica.<\/p>\n<p style=\"text-align: justify;\">1961- La Uni\u00f3n Sudafricana abandona la Commonwealth y proclama su independencia como Rep\u00fablica de Sud\u00e1frica.<\/p>\n<p style=\"text-align: justify;\">1962- El ex coronel de las SS Adolfo Eichman, que hab\u00eda sido secuestrado anteriormente en Argentina por agentes israel\u00edes y llevado a Israel, es ejecutado en Tel Aviv por cr\u00edmenes contra los jud\u00edos.<\/p>\n<p style=\"text-align: justify;\">1965- Nace Brooke Shields, actriz estadounidense.0 1966- Monjes budistas se queman en Saig\u00f3n como protesta contra el r\u00e9gimen militar de Vietnam del Sur.<\/p>\n<p style=\"text-align: justify;\">1970: Un terremoto en el departamento andino de Ancash (Per\u00fa), de 7,9 grados en la escala de Richter, causa 75.000 muertos.<\/p>\n<p style=\"text-align: justify;\">1974- Siria e Israel acuerdan retirar fuerzas de los altos del Gol\u00e1n, bajo la mediaci\u00f3n de Henry Kissinger.<\/p>\n<p style=\"text-align: justify;\">1976- Fallece Jacques Monod, cient\u00edfico franc\u00e9s y Premio Nobel de Medicina y Fisiolog\u00eda 1965.<\/p>\n<p style=\"text-align: justify;\">1982- Fallece Juan Antonio Zunzunegui, novelista espa\u00f1ol.<\/p>\n<p style=\"text-align: justify;\">1983- El pr\u00edncipe Felipe de Borb\u00f3n viaja a Iberoam\u00e9rica, representando por primera vez a la Jefatura del Estado, para asistir a los actos del 450 aniversario de la fundaci\u00f3n de la ciudad colombiana de Cartagena de Indias.<\/p>\n<p style=\"text-align: justify;\">1990- El poeta Jos\u00e9 Hierro gana el Premio Nacional de las Letras Espa\u00f1olas.<\/p>\n<p style=\"text-align: justify;\">1991- Firma en Lisboa de los acuerdos para poner fin a 16 a\u00f1os de guerra civil en Angola, que despu\u00e9s no se cumplieron.<\/p>\n<p style=\"text-align: justify;\">&#8211; Fallece Angus Wilson, escritor brit\u00e1nico.<\/p>\n<p style=\"text-align: justify;\">1993- El poeta Carlos Bouso\u00f1o es galardonado con el Premio Nacional de las Letras Espa\u00f1olas.<\/p>\n<p style=\"text-align: justify;\">1994- Fallece Bar\u00f3n Marcel Bich, inventor del revolucionario bol\u00edgrafo Bic.<\/p>\n<p style=\"text-align: justify;\">1995- Rusia formaliza su ingreso en la Asociaci\u00f3n para la Paz de la OTAN.<\/p>\n<p style=\"text-align: justify;\">&#8211; Fallece Emilio Garc\u00eda G\u00f3mez, arabista espa\u00f1ol y acad\u00e9mico.<\/p>\n<p style=\"text-align: justify;\">1999- El poeta uruguayo Mario Benedetti gana el VIII Premio Reina Sof\u00eda de Poes\u00eda Iberoamericana.<\/p>\n<p style=\"text-align: justify;\">2000- El Congreso de Ecuador aprueba una amnist\u00eda general para los militares que protagonizaron la insurrecci\u00f3n que depuso al presidente Mahuad a primeros de a\u00f1o.<\/p>\n<p style=\"text-align: justify;\">&#8211; El escritor guatemalteco Augusto Monterroso recibe el premio Pr\u00edncipe de Asturias de las Letras.<\/p>\n<p style=\"text-align: justify;\">&#8211; Fallece Ernesto Antonio Puente \u00abTito Puente\u00bb, m\u00fasico puertorrique\u00f1o.<\/p>\n<p style=\"text-align: justify;\">2001- El presidente de Bolivia, Hugo B\u00e1nzer, presenta el nuevo C\u00f3digo Penal que incorpora la presunci\u00f3n de inocencia.<\/p>\n<p style=\"text-align: justify;\">2002- El Frente de Liberaci\u00f3n Nacional consigue mayor\u00eda absoluta en las elecciones legislativas de Argelia.<\/p>\n<p style=\"text-align: justify;\">2003- La compa\u00f1\u00eda Air France pone fin a la explotaci\u00f3n comercial de sus cinco aviones supers\u00f3nicos \u00abConcorde\u00bb con su \u00faltimo vuelo de Nueva York a Par\u00eds, tras veintisiete a\u00f1os de existencia.<\/p>\n<p style=\"text-align: justify;\">2004- Fallece Celso Barreiros Rodr\u00edguez, ingeniero y empresario espa\u00f1ol.<\/p>\n<p style=\"text-align: justify;\">&#8211; La arquitecta de origen iraqu\u00ed Zaha Hadid recibe en San Petersburgo el premio Pritzker, m\u00e1ximo galard\u00f3n de la arquitectura mundial.<\/p>\n<p style=\"text-align: justify;\">2006- El escritor Paul Auster obtiene el Premio Pr\u00edncipe de Asturias de las Letras 2006.<\/p>\n<p style=\"text-align: justify;\">&#8211; Fallece Miguel Ort\u00edz Berrocal, escultor espa\u00f1ol.<\/p>\n","protected":false},"excerpt":{"rendered":"<p>En un 31 de mayo, pero de 2000, el Congreso de Ecuador aprueba una amnist\u00eda general para los militares que protagonizaron la insurrecci\u00f3n que depuso al presidente Jamil Mahuad. 1492- Los Reyes Cat\u00f3licos firman el Decreto de expulsi\u00f3n de los jud\u00edos de todos sus reinos con un plazo m\u00e1ximo de cuatro meses. 1578- Fallece Garc\u00eda&hellip;<\/p>\n","protected":false},"author":1,"featured_media":0,"comment_status":"open","ping_status":"open","sticky":false,"template":"","format":"standard","meta":{"footnotes":""},"categories":[14],"tags":[],"class_list":["post-6943","post","type-post","status-publish","format-standard","hentry","category-efemerides"],"_links":{"self":[{"href":"https:\/\/www.elsindical.com.ar\/notas\/wp-json\/wp\/v2\/posts\/6943","targetHints":{"allow":["GET"]}}],"collection":[{"href":"https:\/\/www.elsindical.com.ar\/notas\/wp-json\/wp\/v2\/posts"}],"about":[{"href":"https:\/\/www.elsindical.com.ar\/notas\/wp-json\/wp\/v2\/types\/post"}],"author":[{"embeddable":true,"href":"https:\/\/www.elsindical.com.ar\/notas\/wp-json\/wp\/v2\/users\/1"}],"replies":[{"embeddable":true,"href":"https:\/\/www.elsindical.com.ar\/notas\/wp-json\/wp\/v2\/comments?post=6943"}],"version-history":[{"count":2,"href":"https:\/\/www.elsindical.com.ar\/notas\/wp-json\/wp\/v2\/posts\/6943\/revisions"}],"predecessor-version":[{"id":6946,"href":"https:\/\/www.elsindical.com.ar\/notas\/wp-json\/wp\/v2\/posts\/6943\/revisions\/6946"}],"wp:attachment":[{"href":"https:\/\/www.elsindical.com.ar\/notas\/wp-json\/wp\/v2\/media?parent=6943"}],"wp:term":[{"taxonomy":"category","embeddable":true,"href":"https:\/\/www.elsindical.com.ar\/notas\/wp-json\/wp\/v2\/categories?post=6943"},{"taxonomy":"post_tag","embeddable":true,"href":"https:\/\/www.elsindical.com.ar\/notas\/wp-json\/wp\/v2\/tags?post=6943"}],"curies":[{"name":"wp","href":"https:\/\/api.w.org\/{rel}","templated":true}]}}