{"id":6938,"date":"2010-05-30T19:29:34","date_gmt":"2010-05-30T22:29:34","guid":{"rendered":"http:\/\/www.elsindical.com.ar\/notas\/?p=6938"},"modified":"2010-05-30T19:33:09","modified_gmt":"2010-05-30T22:33:09","slug":"monte-castro-asesinaron-de-un-balazo-a-un-hombre-en-un-intento-de-asalto","status":"publish","type":"post","link":"https:\/\/www.elsindical.com.ar\/notas\/monte-castro-asesinaron-de-un-balazo-a-un-hombre-en-un-intento-de-asalto\/","title":{"rendered":"Monte Castro: Asesinaron de un balazo a un hombre en un intento de asalto"},"content":{"rendered":"<p style=\"text-align: justify;\"><em><a href=\"http:\/\/www.elsindical.com.ar\/notas\/var\/www\/html\/notas\/wp-content\/uploads\/2010\/05\/asesinato-en-Monte-Castro.jpg\"><img loading=\"lazy\" decoding=\"async\" class=\"alignleft size-full wp-image-6939\" title=\"asesinato-en-Monte-Castro\" src=\"http:\/\/www.elsindical.com.ar\/notas\/var\/www\/html\/notas\/wp-content\/uploads\/2010\/05\/asesinato-en-Monte-Castro.jpg\" alt=\"\" width=\"255\" height=\"191\" \/><\/a>El hecho ocurri\u00f3 anoche, en la calle Moliere al 1600, en esta Capital Federal, cuando la v\u00edctima llegaba a su vivienda a bordo de su auto, en el que lo acompa\u00f1aba su hijo, y fue interceptado por varios asaltantes con aparentes fines de robo. Los delincuentes se dieron a la fuga.<\/em><\/p>\n<p style=\"text-align: justify;\">Un t\u00e9cnico electr\u00f3nico de 45 a\u00f1os <strong>fue asesinado de un balazo delante de su hijastro cuando intentaron robarle su autom\u00f3vil frente a su casa, del barrio porte\u00f1o de Monte Castro<\/strong>, a apenas 20 cuadras del lugar en el que muri\u00f3 el martes un hombre en un caso de similares caracter\u00edsticas. <strong>Familiares de la v\u00edctima criticaron a la presidenta Cristina Fern\u00e1ndez y al jefe de Gabinete, An\u00edbal Fern\u00e1ndez, al considerar que no admiten la propagaci\u00f3n de los hechos de inseguridad.<\/strong><\/p>\n<p style=\"text-align: justify;\">Fuentes policiales dijeron hoy a DyN que el episodio se produjo a las 23.30 de ayer frente a una casa situada en la calle Moliere al 1600. El hombre de 45 a\u00f1os, identificado como Ra\u00fal, sal\u00eda de su casa junto su hijastro, de unos 17 a\u00f1os, en un veh\u00edculo Daewoo.<br \/>\nLas v\u00edctimas fueron interceptadas por tres j\u00f3venes armados de unos 18 a\u00f1os, uno de los cuales dispar\u00f3 contra el conductor del Daewoo por causas que comenzaron a investigarse, cuando el automovilista abr\u00eda el port\u00f3n del garage de su vivienda. Los otros delincuentes, en tanto, golpearon al hijastro del conductor mientras lo sacaban del veh\u00edculo.<\/p>\n<p style=\"text-align: justify;\">De inmediato, el joven armado que hab\u00eda disparado dio la orden de retirada al observar que Ra\u00fal hab\u00eda muerto a ra\u00edz de la herida en la espalda que le hab\u00eda provocado el balazo.<\/p>\n<p style=\"text-align: justify;\">Los delincuentes huyeron sin robar el Daewoo, en una camioneta en la que hab\u00edan llegado al lugar y en la que subieron con un tel\u00e9fono celular que ten\u00eda el adolescente de 17 a\u00f1os, quien fue asistido luego por precauci\u00f3n en el hospital V\u00e9lez Sarsfield.<br \/>\nPoco despu\u00e9s, polic\u00edas de la comisar\u00eda 44 comenzaron a implementar un operativo para localizar a los delincuentes.<\/p>\n<p style=\"text-align: justify;\">Por su parte, un vecino dijo en declaraciones al canal de cable Cr\u00f3nica TV que encontr\u00f3 al adolescente de 17 a\u00f1os \u00aben estado de shock\u00bb poco despu\u00e9s del hecho. \u00abEste barrio, desde hace cinco a\u00f1os, es muy inseguro. Y, en un d\u00eda de lluvia como \u00e9ste, no andan polic\u00edas por la zona\u00bb, se quej\u00f3.<\/p>\n<p style=\"text-align: justify;\">Desolado por la tragedia de la familia, Omar, un hermano del hombre que fue asesinado de un balazo en el barrio porte\u00f1o de Monte Castro critic\u00f3 hoy a la presidenta Cristina Fern\u00e1ndez y al jefe de Gabinete, An\u00edbal Fern\u00e1ndez, al considerar que <strong>\u00abno admiten la propagaci\u00f3n de hechos de inseguridad\u00bb.<\/strong><\/p>\n<p style=\"text-align: justify;\"><strong>\u00abDespu\u00e9s, la presidenta dice que no hay inseguridad y el bigotudo (por An\u00edbal Fern\u00e1ndez) dice que es una sensaci\u00f3n. Yo tengo un cad\u00e1ver para mostrarles\u00bb<\/strong>, fustig\u00f3 Omar en declaraciones a la prensa.<\/p>\n<p style=\"text-align: justify;\">Fuente: DYN<\/p>\n","protected":false},"excerpt":{"rendered":"<p>El hecho ocurri\u00f3 anoche, en la calle Moliere al 1600, en esta Capital Federal, cuando la v\u00edctima llegaba a su vivienda a bordo de su auto, en el que lo acompa\u00f1aba su hijo, y fue interceptado por varios asaltantes con aparentes fines de robo. Los delincuentes se dieron a la fuga. Un t\u00e9cnico electr\u00f3nico de&hellip;<\/p>\n","protected":false},"author":1,"featured_media":0,"comment_status":"open","ping_status":"open","sticky":false,"template":"","format":"standard","meta":{"footnotes":""},"categories":[22],"tags":[22020,147,3527,30,116],"class_list":["post-6938","post","type-post","status-publish","format-standard","hentry","category-policiales","tag-denuncias","tag-familia","tag-monte-castro","tag-policia","tag-robo"],"_links":{"self":[{"href":"https:\/\/www.elsindical.com.ar\/notas\/wp-json\/wp\/v2\/posts\/6938","targetHints":{"allow":["GET"]}}],"collection":[{"href":"https:\/\/www.elsindical.com.ar\/notas\/wp-json\/wp\/v2\/posts"}],"about":[{"href":"https:\/\/www.elsindical.com.ar\/notas\/wp-json\/wp\/v2\/types\/post"}],"author":[{"embeddable":true,"href":"https:\/\/www.elsindical.com.ar\/notas\/wp-json\/wp\/v2\/users\/1"}],"replies":[{"embeddable":true,"href":"https:\/\/www.elsindical.com.ar\/notas\/wp-json\/wp\/v2\/comments?post=6938"}],"version-history":[{"count":3,"href":"https:\/\/www.elsindical.com.ar\/notas\/wp-json\/wp\/v2\/posts\/6938\/revisions"}],"predecessor-version":[{"id":6942,"href":"https:\/\/www.elsindical.com.ar\/notas\/wp-json\/wp\/v2\/posts\/6938\/revisions\/6942"}],"wp:attachment":[{"href":"https:\/\/www.elsindical.com.ar\/notas\/wp-json\/wp\/v2\/media?parent=6938"}],"wp:term":[{"taxonomy":"category","embeddable":true,"href":"https:\/\/www.elsindical.com.ar\/notas\/wp-json\/wp\/v2\/categories?post=6938"},{"taxonomy":"post_tag","embeddable":true,"href":"https:\/\/www.elsindical.com.ar\/notas\/wp-json\/wp\/v2\/tags?post=6938"}],"curies":[{"name":"wp","href":"https:\/\/api.w.org\/{rel}","templated":true}]}}