{"id":69369,"date":"2017-06-24T08:46:16","date_gmt":"2017-06-24T11:46:16","guid":{"rendered":"http:\/\/www.elsindical.com.ar\/notas\/?p=69369"},"modified":"2017-06-24T08:46:16","modified_gmt":"2017-06-24T11:46:16","slug":"san-martin-no-entrego-sus-zapatillas-y-lo-fusilaron-de-un-tiro-en-la-cara","status":"publish","type":"post","link":"https:\/\/www.elsindical.com.ar\/notas\/san-martin-no-entrego-sus-zapatillas-y-lo-fusilaron-de-un-tiro-en-la-cara\/","title":{"rendered":"San Mart\u00edn: No entreg\u00f3 sus zapatillas y lo fusilaron de un tiro en la cara"},"content":{"rendered":"<p><em><a href=\"http:\/\/www.elsindical.com.ar\/notas\/var\/www\/html\/notas\/wp-content\/uploads\/2017\/06\/joven-asesinado-en-San-Mart\u00edn.jpg\"><img loading=\"lazy\" decoding=\"async\" class=\"alignnone size-medium wp-image-69370\" src=\"http:\/\/www.elsindical.com.ar\/notas\/var\/www\/html\/notas\/wp-content\/uploads\/2017\/06\/joven-asesinado-en-San-Mart\u00edn-300x162.jpg\" alt=\"\" width=\"300\" height=\"162\" srcset=\"https:\/\/www.elsindical.com.ar\/notas\/var\/www\/html\/notas\/wp-content\/uploads\/2017\/06\/joven-asesinado-en-San-Mart\u00edn-300x162.jpg 300w, https:\/\/www.elsindical.com.ar\/notas\/var\/www\/html\/notas\/wp-content\/uploads\/2017\/06\/joven-asesinado-en-San-Mart\u00edn-500x270.jpg 500w, https:\/\/www.elsindical.com.ar\/notas\/var\/www\/html\/notas\/wp-content\/uploads\/2017\/06\/joven-asesinado-en-San-Mart\u00edn.jpg 680w\" sizes=\"auto, (max-width: 300px) 100vw, 300px\" \/><\/a>\u00a0\u00a0 Tres individuos asesinaron a un menor de 14 a\u00f1os con un disparo en el rostro, en Jos\u00e9 Le\u00f3n Su\u00e1rez, partido de San Mart\u00edn. Posteriormente, la polic\u00eda detuvo por el il\u00edcito a un sujeto como part\u00edcipe del crimen. M\u00e1s tarde, vecinos pidieron justicia, hubo disturbios y heridos.<\/em><\/p>\n<p>Habitantes del vecindario dijeron que el pibe fue agredido porque se resisti\u00f3 a que le robaran un par de zapatillas y luego ocasionaron disturbios frente a la comisar\u00eda de la zona, en reclamo de justicia. Uno de los manifestantes habr\u00eda sido herido de un tiro en la tremenda protesta. Por su parte, los investigadores barajan diferentes hip\u00f3tesis, ya que se cree que el menor conoc\u00eda a los sanguinarios atacantes.<\/p>\n<p>Los voceros de los tribunales de San Mart\u00edn revelaron que la infortunada v\u00edctima fue identificada como<strong> Dami\u00e1n Mu\u00f1oz<\/strong>, de 14 a\u00f1os.<\/p>\n<p>El tremendo hecho se produjo a las 20<strong><u>:<\/u><\/strong>30 del jueves pasado en el cruce de avenida Central e Yrigoyen, en interior de la peligrosa villa La C\u00e1rcova, que est\u00e1 situada en las proximidades del Camino Parque del Buen Ayre, cuando los delincuentes atacaron a disparos al chico, a quien le efectuaron, a escasa distancia, un tiro que le destroz\u00f3 el rostro.<\/p>\n<p>Dami\u00e1n cay\u00f3 ensangrentado y tuvo que ser trasladado de urgencia a la sala de primeros auxilios Luis Agote, ubicada en esa zona, en el noroeste del conurbano provincial, aunque finalmente dej\u00f3 de existir a ra\u00edz de sus graves heridas.<\/p>\n<p>Por el caso, y b\u00e1sandose en los diferentes datos aportados por la gente del asentamiento, los servidores p\u00fablicos de la comisar\u00eda de Jos\u00e9 Le\u00f3n Su\u00e1rez (4\u00aa de San Mart\u00edn) realizaron una serie de procedimientos en el humilde vecindario, oportunidad en la que detuvieron a un malviviente de 27 a\u00f1os.<\/p>\n<p>&nbsp;<\/p>\n","protected":false},"excerpt":{"rendered":"<p>\u00a0\u00a0 Tres individuos asesinaron a un menor de 14 a\u00f1os con un disparo en el rostro, en Jos\u00e9 Le\u00f3n Su\u00e1rez, partido de San Mart\u00edn. Posteriormente, la polic\u00eda detuvo por el il\u00edcito a un sujeto como part\u00edcipe del crimen. M\u00e1s tarde, vecinos pidieron justicia, hubo disturbios y heridos. Habitantes del vecindario dijeron que el pibe fue&hellip;<\/p>\n","protected":false},"author":1,"featured_media":0,"comment_status":"open","ping_status":"open","sticky":false,"template":"","format":"standard","meta":{"footnotes":""},"categories":[22],"tags":[26306,4398,116,820,26307,1157],"class_list":["post-69369","post","type-post","status-publish","format-standard","hentry","category-policiales","tag-damian-munoz","tag-jose-leon-suarez","tag-robo","tag-san-martin","tag-villa-la-carcova","tag-zapatillas"],"_links":{"self":[{"href":"https:\/\/www.elsindical.com.ar\/notas\/wp-json\/wp\/v2\/posts\/69369","targetHints":{"allow":["GET"]}}],"collection":[{"href":"https:\/\/www.elsindical.com.ar\/notas\/wp-json\/wp\/v2\/posts"}],"about":[{"href":"https:\/\/www.elsindical.com.ar\/notas\/wp-json\/wp\/v2\/types\/post"}],"author":[{"embeddable":true,"href":"https:\/\/www.elsindical.com.ar\/notas\/wp-json\/wp\/v2\/users\/1"}],"replies":[{"embeddable":true,"href":"https:\/\/www.elsindical.com.ar\/notas\/wp-json\/wp\/v2\/comments?post=69369"}],"version-history":[{"count":1,"href":"https:\/\/www.elsindical.com.ar\/notas\/wp-json\/wp\/v2\/posts\/69369\/revisions"}],"predecessor-version":[{"id":69371,"href":"https:\/\/www.elsindical.com.ar\/notas\/wp-json\/wp\/v2\/posts\/69369\/revisions\/69371"}],"wp:attachment":[{"href":"https:\/\/www.elsindical.com.ar\/notas\/wp-json\/wp\/v2\/media?parent=69369"}],"wp:term":[{"taxonomy":"category","embeddable":true,"href":"https:\/\/www.elsindical.com.ar\/notas\/wp-json\/wp\/v2\/categories?post=69369"},{"taxonomy":"post_tag","embeddable":true,"href":"https:\/\/www.elsindical.com.ar\/notas\/wp-json\/wp\/v2\/tags?post=69369"}],"curies":[{"name":"wp","href":"https:\/\/api.w.org\/{rel}","templated":true}]}}