{"id":6935,"date":"2010-05-30T02:54:08","date_gmt":"2010-05-30T05:54:08","guid":{"rendered":"http:\/\/www.elsindical.com.ar\/notas\/?p=6935"},"modified":"2010-05-30T02:54:08","modified_gmt":"2010-05-30T05:54:08","slug":"fallecio-el-productor-teatral-marcelo-montero","status":"publish","type":"post","link":"https:\/\/www.elsindical.com.ar\/notas\/fallecio-el-productor-teatral-marcelo-montero\/","title":{"rendered":"Falleci\u00f3 el productor teatral Marcelo Montero"},"content":{"rendered":"<p style=\"text-align: justify;\"><em><a href=\"http:\/\/www.elsindical.com.ar\/notas\/var\/www\/html\/notas\/wp-content\/uploads\/2010\/05\/Marcelo-Montero.jpg\"><img loading=\"lazy\" decoding=\"async\" class=\"alignleft size-full wp-image-6936\" title=\"Marcelo-Montero\" src=\"http:\/\/www.elsindical.com.ar\/notas\/var\/www\/html\/notas\/wp-content\/uploads\/2010\/05\/Marcelo-Montero.jpg\" alt=\"\" width=\"207\" height=\"195\" \/><\/a>En la tarde del s\u00e1bado, encontraron muerto en su domicilio a <strong>Marcelo Montero<\/strong>, de 47 a\u00f1os. Todav\u00eda se desconocen las causas de su deceso.<\/em><\/p>\n<p style=\"text-align: justify;\">Fue productor de varios espect\u00e1culos, entre ellos de<strong> \u201cPijamas\u201d<\/strong> donde llev\u00f3 a trabajar a <strong>Claudia Fern\u00e1ndez<\/strong>, de quien era muy amigo.<\/p>\n<p style=\"text-align: justify;\">Lo \u00faltimo, durante el verano 2010, fue el productor ejecutivo de la obra de<strong> Ricardo Fort, \u201cFortuna\u201d. <\/strong><\/p>\n<p style=\"text-align: justify;\">Cuando finaliz\u00f3 la temporada en <strong>Mar del Plata<\/strong>, dio un paso al costado porque se sent\u00eda estresado. Por tal motivo viaj\u00f3 por unas semanas a B\u00fazios con el fin de alivianar el stress. Hoy, lamentablemente, fue hallado sin vida en su departamento.<\/p>\n","protected":false},"excerpt":{"rendered":"<p>En la tarde del s\u00e1bado, encontraron muerto en su domicilio a Marcelo Montero, de 47 a\u00f1os. Todav\u00eda se desconocen las causas de su deceso. Fue productor de varios espect\u00e1culos, entre ellos de \u201cPijamas\u201d donde llev\u00f3 a trabajar a Claudia Fern\u00e1ndez, de quien era muy amigo. Lo \u00faltimo, durante el verano 2010, fue el productor ejecutivo&hellip;<\/p>\n","protected":false},"author":1,"featured_media":0,"comment_status":"open","ping_status":"open","sticky":false,"template":"","format":"standard","meta":{"footnotes":""},"categories":[15],"tags":[2326,3526,3524,305,3525,1250],"class_list":["post-6935","post","type-post","status-publish","format-standard","hentry","category-espectaculos","tag-estres","tag-fortuna","tag-marcelo-montero","tag-muerte","tag-productor","tag-ricardo-fort"],"_links":{"self":[{"href":"https:\/\/www.elsindical.com.ar\/notas\/wp-json\/wp\/v2\/posts\/6935","targetHints":{"allow":["GET"]}}],"collection":[{"href":"https:\/\/www.elsindical.com.ar\/notas\/wp-json\/wp\/v2\/posts"}],"about":[{"href":"https:\/\/www.elsindical.com.ar\/notas\/wp-json\/wp\/v2\/types\/post"}],"author":[{"embeddable":true,"href":"https:\/\/www.elsindical.com.ar\/notas\/wp-json\/wp\/v2\/users\/1"}],"replies":[{"embeddable":true,"href":"https:\/\/www.elsindical.com.ar\/notas\/wp-json\/wp\/v2\/comments?post=6935"}],"version-history":[{"count":1,"href":"https:\/\/www.elsindical.com.ar\/notas\/wp-json\/wp\/v2\/posts\/6935\/revisions"}],"predecessor-version":[{"id":6937,"href":"https:\/\/www.elsindical.com.ar\/notas\/wp-json\/wp\/v2\/posts\/6935\/revisions\/6937"}],"wp:attachment":[{"href":"https:\/\/www.elsindical.com.ar\/notas\/wp-json\/wp\/v2\/media?parent=6935"}],"wp:term":[{"taxonomy":"category","embeddable":true,"href":"https:\/\/www.elsindical.com.ar\/notas\/wp-json\/wp\/v2\/categories?post=6935"},{"taxonomy":"post_tag","embeddable":true,"href":"https:\/\/www.elsindical.com.ar\/notas\/wp-json\/wp\/v2\/tags?post=6935"}],"curies":[{"name":"wp","href":"https:\/\/api.w.org\/{rel}","templated":true}]}}