{"id":69349,"date":"2017-06-23T16:40:54","date_gmt":"2017-06-23T19:40:54","guid":{"rendered":"http:\/\/www.elsindical.com.ar\/notas\/?p=69349"},"modified":"2017-06-23T16:40:54","modified_gmt":"2017-06-23T19:40:54","slug":"vicente-lopez-taller-sobre-la-violencia-de-genero-en-las-flores","status":"publish","type":"post","link":"https:\/\/www.elsindical.com.ar\/notas\/vicente-lopez-taller-sobre-la-violencia-de-genero-en-las-flores\/","title":{"rendered":"Vicente L\u00f3pez: Taller sobre la violencia de g\u00e9nero en Las Flores"},"content":{"rendered":"<div dir=\"ltr\"><em>\u00a0<a href=\"http:\/\/www.elsindical.com.ar\/notas\/var\/www\/html\/notas\/wp-content\/uploads\/2017\/06\/Charla-Polo.jpg\"><img loading=\"lazy\" decoding=\"async\" class=\"alignnone size-medium wp-image-69350\" src=\"http:\/\/www.elsindical.com.ar\/notas\/var\/www\/html\/notas\/wp-content\/uploads\/2017\/06\/Charla-Polo-300x250.jpg\" alt=\"\" width=\"300\" height=\"250\" srcset=\"https:\/\/www.elsindical.com.ar\/notas\/var\/www\/html\/notas\/wp-content\/uploads\/2017\/06\/Charla-Polo-300x250.jpg 300w, https:\/\/www.elsindical.com.ar\/notas\/var\/www\/html\/notas\/wp-content\/uploads\/2017\/06\/Charla-Polo-360x300.jpg 360w, https:\/\/www.elsindical.com.ar\/notas\/var\/www\/html\/notas\/wp-content\/uploads\/2017\/06\/Charla-Polo.jpg 620w\" sizes=\"auto, (max-width: 300px) 100vw, 300px\" \/><\/a>\u00a0 Este s\u00e1bado, desde las 16:00 hs., inicia el taller \u201cViolencia de g\u00e9nero y la lucha de la mujer\u201d, en el barrio de Las Flores, en Vicente L\u00f3pez, organizado por el Polo Obrero y el Plenario de Trabajadoras. Estar\u00e1 a cargo de Sabrina Krahn, trabajadora social y dirigente del PDT. El primero encuentro ser\u00e1 este s\u00e1bado, a partir de las 16 hs., en la calle Habana, sector 16, Las Flores.<\/em><\/div>\n<div dir=\"ltr\"><\/div>\n<div dir=\"ltr\">Mariela Copertari -dirigente del Polo Obrero- asegur\u00f3 que \u201cel taller es de una real importancia para todos los vecinos, no s\u00f3lo desde el plano t\u00e9orico, sino tambi\u00e9n desde c\u00f3mo nos organizamos y desarrollamos una alternativa independiente, ante un cuadro de violencia contra la mujer cada vez m\u00e1s mayor y un Estado que es plenamente c\u00f3mplice\u201d.<\/div>\n<div dir=\"ltr\"><\/div>\n<div dir=\"ltr\">\u201cEn Vicente L\u00f3pez, y particularmente en los barrios -se\u00f1al\u00f3-, las compa\u00f1eras se encuentran doblemente expuestas a este nivel de violencia, por su condici\u00f3n de mujer y por su condici\u00f3n de trabajadoras. Y el Estado, mediante sus diferentes mecanismos, nos aisla, desproteje y maltrata.\u201d<\/div>\n<div dir=\"ltr\"><\/div>\n<div dir=\"ltr\">Mariela Copertari ser\u00e1 uno de los candidatos a concejal en Vicente L\u00f3pez por el Frente de Izquierda. La lista ser\u00e1 encabezada por Federico Decoppet -referente del Partido Obrero en el distrito-, junto a Mariana Rodr\u00edguez -dirigente docente y candidata a secretaria general del Suteba. N\u00e9stor Pitrola encabezar\u00e1 la lista a nivel provincial.<\/div>\n<div dir=\"ltr\"><\/div>\n<div dir=\"ltr\"><\/div>\n<div dir=\"ltr\">Contactos:<\/p>\n<div class=\"m_2102086444242841885gmail-m_7263179796379233585gmail-m_-2668275711696748943gmail-m_4369416971658909248gmail-m_8713774514335964956m_-583939159281471777gmail-m_-4486092727953356166gmail-\">\n<div class=\"m_2102086444242841885gmail-m_7263179796379233585gmail-m_-2668275711696748943gmail-m_4369416971658909248gmail-m_8713774514335964956m_-583939159281471777gmail-m_-4486092727953356166gmail-_1mf m_2102086444242841885gmail-m_7263179796379233585gmail-m_-2668275711696748943gmail-m_4369416971658909248gmail-m_8713774514335964956m_-583939159281471777gmail-m_-4486092727953356166gmail-_1mj\">Mariela Copertari: 15-6232-5332<\/div>\n<\/div>\n<div class=\"m_2102086444242841885gmail-m_7263179796379233585gmail-m_-2668275711696748943gmail-m_4369416971658909248gmail-m_8713774514335964956m_-583939159281471777gmail-m_-4486092727953356166gmail-\">\n<div class=\"m_2102086444242841885gmail-m_7263179796379233585gmail-m_-2668275711696748943gmail-m_4369416971658909248gmail-m_8713774514335964956m_-583939159281471777gmail-m_-4486092727953356166gmail-_1mf m_2102086444242841885gmail-m_7263179796379233585gmail-m_-2668275711696748943gmail-m_4369416971658909248gmail-m_8713774514335964956m_-583939159281471777gmail-m_-4486092727953356166gmail-_1mj\">Federico Decoppet: 15-3487-4435<br \/>\nMariana Rodr\u00edguez: 15-3069-8189<\/div>\n<\/div>\n<\/div>\n","protected":false},"excerpt":{"rendered":"<p>\u00a0\u00a0 Este s\u00e1bado, desde las 16:00 hs., inicia el taller \u201cViolencia de g\u00e9nero y la lucha de la mujer\u201d, en el barrio de Las Flores, en Vicente L\u00f3pez, organizado por el Polo Obrero y el Plenario de Trabajadoras. Estar\u00e1 a cargo de Sabrina Krahn, trabajadora social y dirigente del PDT. El primero encuentro ser\u00e1 este&hellip;<\/p>\n","protected":false},"author":1,"featured_media":0,"comment_status":"open","ping_status":"open","sticky":false,"template":"","format":"standard","meta":{"footnotes":""},"categories":[8],"tags":[849,12338,6176,3188],"class_list":["post-69349","post","type-post","status-publish","format-standard","hentry","category-derechos-humanos","tag-estado","tag-las-flores","tag-partido-obrero","tag-vicente-lopez"],"_links":{"self":[{"href":"https:\/\/www.elsindical.com.ar\/notas\/wp-json\/wp\/v2\/posts\/69349","targetHints":{"allow":["GET"]}}],"collection":[{"href":"https:\/\/www.elsindical.com.ar\/notas\/wp-json\/wp\/v2\/posts"}],"about":[{"href":"https:\/\/www.elsindical.com.ar\/notas\/wp-json\/wp\/v2\/types\/post"}],"author":[{"embeddable":true,"href":"https:\/\/www.elsindical.com.ar\/notas\/wp-json\/wp\/v2\/users\/1"}],"replies":[{"embeddable":true,"href":"https:\/\/www.elsindical.com.ar\/notas\/wp-json\/wp\/v2\/comments?post=69349"}],"version-history":[{"count":1,"href":"https:\/\/www.elsindical.com.ar\/notas\/wp-json\/wp\/v2\/posts\/69349\/revisions"}],"predecessor-version":[{"id":69351,"href":"https:\/\/www.elsindical.com.ar\/notas\/wp-json\/wp\/v2\/posts\/69349\/revisions\/69351"}],"wp:attachment":[{"href":"https:\/\/www.elsindical.com.ar\/notas\/wp-json\/wp\/v2\/media?parent=69349"}],"wp:term":[{"taxonomy":"category","embeddable":true,"href":"https:\/\/www.elsindical.com.ar\/notas\/wp-json\/wp\/v2\/categories?post=69349"},{"taxonomy":"post_tag","embeddable":true,"href":"https:\/\/www.elsindical.com.ar\/notas\/wp-json\/wp\/v2\/tags?post=69349"}],"curies":[{"name":"wp","href":"https:\/\/api.w.org\/{rel}","templated":true}]}}