{"id":69336,"date":"2017-06-23T13:27:47","date_gmt":"2017-06-23T16:27:47","guid":{"rendered":"http:\/\/www.elsindical.com.ar\/notas\/?p=69336"},"modified":"2017-06-23T13:27:47","modified_gmt":"2017-06-23T16:27:47","slug":"4-millones-de-trabajadores-estan-en-negro","status":"publish","type":"post","link":"https:\/\/www.elsindical.com.ar\/notas\/4-millones-de-trabajadores-estan-en-negro\/","title":{"rendered":"4 millones de trabajadores est\u00e1n en negro"},"content":{"rendered":"<p class=\"copete\"><em>\u00a0 <a href=\"http:\/\/www.elsindical.com.ar\/notas\/var\/www\/html\/notas\/wp-content\/uploads\/2011\/06\/trabajo-en-negro.jpg\"><img loading=\"lazy\" decoding=\"async\" class=\"alignnone size-full wp-image-14835\" src=\"http:\/\/www.elsindical.com.ar\/notas\/var\/www\/html\/notas\/wp-content\/uploads\/2011\/06\/trabajo-en-negro.jpg\" alt=\"\" width=\"207\" height=\"180\" \/><\/a>Adem\u00e1s el desempleo entre los j\u00f3venes duplica la tasa general. Son datos que public\u00f3 el Indec para el primer trimestre del a\u00f1o.<\/em><\/p>\n<p>La \u00faltima <strong>Encuesta Permanente de Hogares (EPH) <\/strong>correspondiente al per\u00edodo enero a marzo de este a\u00f1o, arroj\u00f3 distintos datos sobre la situaci\u00f3n del empleo en Argentina. En este sentido se mantiene el piso del <strong>33,3 por ciento de empleados que no cuentan con aportes<\/strong> jubilatorios ni accesos a la seguridad social.<\/p>\n<p>El relevamiento determin\u00f3 que la provincia con m\u00e1s trabajadores en la informalidad sigue siendo Santiago del Estero con un 52% mientras que Tierra del Fuego presenta s\u00f3lo un 9% de los trabajadores en negro. A grandes rasgos la situaci\u00f3n es de 74,2% de trabajadores en relaci\u00f3n de dependencia, y 25,8% de no asalariados.<\/p>\n<p>Si se analiza la composici\u00f3n del empleo a escala regional la mayor proporci\u00f3n de asalariados en negro se registr\u00f3 en el NOA con 40,7%, luego sigue Cuyo con 35,2%; NEA 34,1%; Gran Buenos Aires 33,2%, resto de \u00e1rea Pampeana 32,7% y la menor relevancia en la zona Patag\u00f3nica, con 18,9% de los ocupados en relaci\u00f3n de dependencia.<\/p>\n<p>El informe publicado por el Instituto que dirige Todesca fue presentado este mi\u00e9rcoles y en los datos de la EPH se desprendi\u00f3 que la desocupaci\u00f3n entre los j\u00f3venes duplica la tasa general y que repercute m\u00e1s en las mujeres. As\u00ed el porcentaje dado a conocer, este mi\u00e9rcoles, fue que<strong> la desocupaci\u00f3n afecta a 20,1% en las mujeres menores de 30 a\u00f1os y 17,2% en los varones<\/strong>.<\/p>\n<p>Por \u00faltimo en las personas de 30 a 64 a\u00f1os, la variabilidad del desempleo con respecto al sexo es de 6,9% entre las mujeres y 5,1% para el caso de los varones.<\/p>\n","protected":false},"excerpt":{"rendered":"<p>\u00a0 Adem\u00e1s el desempleo entre los j\u00f3venes duplica la tasa general. Son datos que public\u00f3 el Indec para el primer trimestre del a\u00f1o. La \u00faltima Encuesta Permanente de Hogares (EPH) correspondiente al per\u00edodo enero a marzo de este a\u00f1o, arroj\u00f3 distintos datos sobre la situaci\u00f3n del empleo en Argentina. En este sentido se mantiene el&hellip;<\/p>\n","protected":false},"author":1,"featured_media":0,"comment_status":"open","ping_status":"open","sticky":false,"template":"","format":"standard","meta":{"footnotes":""},"categories":[6],"tags":[5713,26298,17804],"class_list":["post-69336","post","type-post","status-publish","format-standard","hentry","category-denuncias","tag-empleo-en-negro","tag-encuesta-permanente","tag-eph"],"_links":{"self":[{"href":"https:\/\/www.elsindical.com.ar\/notas\/wp-json\/wp\/v2\/posts\/69336","targetHints":{"allow":["GET"]}}],"collection":[{"href":"https:\/\/www.elsindical.com.ar\/notas\/wp-json\/wp\/v2\/posts"}],"about":[{"href":"https:\/\/www.elsindical.com.ar\/notas\/wp-json\/wp\/v2\/types\/post"}],"author":[{"embeddable":true,"href":"https:\/\/www.elsindical.com.ar\/notas\/wp-json\/wp\/v2\/users\/1"}],"replies":[{"embeddable":true,"href":"https:\/\/www.elsindical.com.ar\/notas\/wp-json\/wp\/v2\/comments?post=69336"}],"version-history":[{"count":1,"href":"https:\/\/www.elsindical.com.ar\/notas\/wp-json\/wp\/v2\/posts\/69336\/revisions"}],"predecessor-version":[{"id":69337,"href":"https:\/\/www.elsindical.com.ar\/notas\/wp-json\/wp\/v2\/posts\/69336\/revisions\/69337"}],"wp:attachment":[{"href":"https:\/\/www.elsindical.com.ar\/notas\/wp-json\/wp\/v2\/media?parent=69336"}],"wp:term":[{"taxonomy":"category","embeddable":true,"href":"https:\/\/www.elsindical.com.ar\/notas\/wp-json\/wp\/v2\/categories?post=69336"},{"taxonomy":"post_tag","embeddable":true,"href":"https:\/\/www.elsindical.com.ar\/notas\/wp-json\/wp\/v2\/tags?post=69336"}],"curies":[{"name":"wp","href":"https:\/\/api.w.org\/{rel}","templated":true}]}}