{"id":69279,"date":"2017-06-22T10:17:19","date_gmt":"2017-06-22T13:17:19","guid":{"rendered":"http:\/\/www.elsindical.com.ar\/notas\/?p=69279"},"modified":"2017-06-22T10:17:19","modified_gmt":"2017-06-22T13:17:19","slug":"las-expensas-subiran-un-18-promedio","status":"publish","type":"post","link":"https:\/\/www.elsindical.com.ar\/notas\/las-expensas-subiran-un-18-promedio\/","title":{"rendered":"Las expensas subir\u00e1n un 18% promedio"},"content":{"rendered":"<p><em><a href=\"http:\/\/www.elsindical.com.ar\/notas\/var\/www\/html\/notas\/wp-content\/uploads\/2012\/10\/expensas-digitales.jpg\"><img loading=\"lazy\" decoding=\"async\" class=\"alignnone size-medium wp-image-28841\" src=\"http:\/\/www.elsindical.com.ar\/notas\/var\/www\/html\/notas\/wp-content\/uploads\/2012\/10\/expensas-digitales-300x226.jpg\" alt=\"\" width=\"300\" height=\"226\" srcset=\"https:\/\/www.elsindical.com.ar\/notas\/var\/www\/html\/notas\/wp-content\/uploads\/2012\/10\/expensas-digitales-300x226.jpg 300w, https:\/\/www.elsindical.com.ar\/notas\/var\/www\/html\/notas\/wp-content\/uploads\/2012\/10\/expensas-digitales-397x300.jpg 397w, https:\/\/www.elsindical.com.ar\/notas\/var\/www\/html\/notas\/wp-content\/uploads\/2012\/10\/expensas-digitales.jpg 443w\" sizes=\"auto, (max-width: 300px) 100vw, 300px\" \/><\/a>\u00a0\u00a0 Se debe al gran impacto de la paritaria de porteros, que fue del 21%. Esta medida afectar\u00e1 a 15 millones de personas.<\/em><\/p>\n<p>La paritaria salarial de los encargados de edificio cerr\u00f3 ayer en 21% e impacta directamente en las expensas, que estiman volver\u00e1n a subir un 18%. El aumento ocurre todos los a\u00f1os, pero esta vez en un marco de alta morosidad que los consorcios ya calculan entre 10 a 15% m\u00e1s que el a\u00f1o pasado.<\/p>\n<p><em>\u00abHaciendo un an\u00e1lisis breve y r\u00e1pido, el aumento de expensas va a ser de entre el 15 y 18 por ciento dependiendo del n\u00famero de unidades de cada edificio, los a\u00f1os de antig\u00fcedad del encargado, las horas extras, etc.\u00bb<\/em>, explic\u00f3 ayer<strong> Diego Battista<\/strong>, titular de Administraci\u00f3n Battista.<\/p>\n<p>Con un c\u00e1lculo similar, <strong>Samuel Knoppof<\/strong>, presidente de la Federaci\u00f3n de Asociaciones de Consorcios (Fedeco), estim\u00f3 la suba en un 18%. \u00abA<em> la paritaria hay que agregarle los adicionales fuera de convenio como regar las plantitas, barrer y sacar la basura. No sabemos si el acuerdo es por seis meses o todo el a\u00f1o\u00bb.<\/em><\/p>\n<p>Es decir, \u00ab<em>de punta a punta, de junio de 2017 a junio de 2018, hablar\u00edamos de un 38 a 40 por ciento de aumento. En las expensas esto representar\u00eda un 18 por ciento de suba\u00bb<\/em>, puntualiz\u00f3 Knoppof.<\/p>\n<p>En este sentido, el titular de Fedeco critic\u00f3 la paritaria de los encargados: \u00ab<em>Es desproporcionada y va a aumentar la morosidad. Mucha gente se va a tener que mudar a lugares m\u00e1s chicos o zonas perif\u00e9ricas. Esto afecta a unos 15 millones de personas, m\u00e1s de 2 millones y medio en Buenos Aires\u00bb.<\/em><\/p>\n<p><strong>Acuerdo salarial<\/strong><\/p>\n<p><strong>Alejandro Mart\u00ednez<\/strong>, del Sindicato \u00danico de Trabajadores de Edificios de Renta y Horizontal (Suterh), detall\u00f3 que el esperado aumento para los bolsillos de los encargados ser\u00e1 de 10% retroactivo a mayo (lo que se ver\u00e1 en las expensas de junio) y 11% en julio (que figurar\u00e1 en la liquidaci\u00f3n de agosto) con una cl\u00e1usula gatillo si la inflaci\u00f3n supera el 21% antes de junio de 2018.<\/p>\n<p>Si bien falta que sea homologado, se descuenta que comience a regir a partir del mes que viene. Tanto Knoppof como Battista plantearon un aumento de la cantidad de vecinos que no pueden pagar las expensas. Seg\u00fan los consorcios que maneja Battista, en lo que va del a\u00f1o hay entre un 10 y un 15% m\u00e1s de morosidad que el a\u00f1o pasado.<\/p>\n<p><em>\u00abHay gente que no consigue el dinero y otros que no pagan por rebeld\u00eda porque creen que el culpable de los aumentos es el administrador. En definitiva, hay morosos cr\u00f3nicos, pero se suman nuevos, y est\u00e1 relacionado con los aumentos\u00bb<\/em>, asegur\u00f3 en referencia a los tarifazos energ\u00e9ticos.<\/p>\n","protected":false},"excerpt":{"rendered":"<p>\u00a0\u00a0 Se debe al gran impacto de la paritaria de porteros, que fue del 21%. Esta medida afectar\u00e1 a 15 millones de personas. La paritaria salarial de los encargados de edificio cerr\u00f3 ayer en 21% e impacta directamente en las expensas, que estiman volver\u00e1n a subir un 18%. El aumento ocurre todos los a\u00f1os, pero&hellip;<\/p>\n","protected":false},"author":1,"featured_media":0,"comment_status":"open","ping_status":"open","sticky":false,"template":"","format":"standard","meta":{"footnotes":""},"categories":[9],"tags":[1191,26288,7791],"class_list":["post-69279","post","type-post","status-publish","format-standard","hentry","category-economia","tag-expensas","tag-fedeco","tag-subas"],"_links":{"self":[{"href":"https:\/\/www.elsindical.com.ar\/notas\/wp-json\/wp\/v2\/posts\/69279","targetHints":{"allow":["GET"]}}],"collection":[{"href":"https:\/\/www.elsindical.com.ar\/notas\/wp-json\/wp\/v2\/posts"}],"about":[{"href":"https:\/\/www.elsindical.com.ar\/notas\/wp-json\/wp\/v2\/types\/post"}],"author":[{"embeddable":true,"href":"https:\/\/www.elsindical.com.ar\/notas\/wp-json\/wp\/v2\/users\/1"}],"replies":[{"embeddable":true,"href":"https:\/\/www.elsindical.com.ar\/notas\/wp-json\/wp\/v2\/comments?post=69279"}],"version-history":[{"count":1,"href":"https:\/\/www.elsindical.com.ar\/notas\/wp-json\/wp\/v2\/posts\/69279\/revisions"}],"predecessor-version":[{"id":69280,"href":"https:\/\/www.elsindical.com.ar\/notas\/wp-json\/wp\/v2\/posts\/69279\/revisions\/69280"}],"wp:attachment":[{"href":"https:\/\/www.elsindical.com.ar\/notas\/wp-json\/wp\/v2\/media?parent=69279"}],"wp:term":[{"taxonomy":"category","embeddable":true,"href":"https:\/\/www.elsindical.com.ar\/notas\/wp-json\/wp\/v2\/categories?post=69279"},{"taxonomy":"post_tag","embeddable":true,"href":"https:\/\/www.elsindical.com.ar\/notas\/wp-json\/wp\/v2\/tags?post=69279"}],"curies":[{"name":"wp","href":"https:\/\/api.w.org\/{rel}","templated":true}]}}