{"id":69223,"date":"2017-06-20T09:19:54","date_gmt":"2017-06-20T12:19:54","guid":{"rendered":"http:\/\/www.elsindical.com.ar\/notas\/?p=69223"},"modified":"2017-06-20T09:19:54","modified_gmt":"2017-06-20T12:19:54","slug":"chofer-de-la-linea-620-de-colectivos-sufrio-un-violento-asalto","status":"publish","type":"post","link":"https:\/\/www.elsindical.com.ar\/notas\/chofer-de-la-linea-620-de-colectivos-sufrio-un-violento-asalto\/","title":{"rendered":"Chofer de la l\u00ednea 620 de colectivos sufri\u00f3 un violento asalto"},"content":{"rendered":"<p><em><span class=\"text description col-xs-8 col-lg-9\"><a href=\"http:\/\/www.elsindical.com.ar\/notas\/var\/www\/html\/notas\/wp-content\/uploads\/2017\/06\/chofer-l\u00ednea-620-asaltado.jpg\"><img loading=\"lazy\" decoding=\"async\" class=\"alignnone size-medium wp-image-69224\" src=\"http:\/\/www.elsindical.com.ar\/notas\/var\/www\/html\/notas\/wp-content\/uploads\/2017\/06\/chofer-l\u00ednea-620-asaltado-300x169.jpg\" alt=\"\" width=\"300\" height=\"169\" srcset=\"https:\/\/www.elsindical.com.ar\/notas\/var\/www\/html\/notas\/wp-content\/uploads\/2017\/06\/chofer-l\u00ednea-620-asaltado-300x169.jpg 300w, https:\/\/www.elsindical.com.ar\/notas\/var\/www\/html\/notas\/wp-content\/uploads\/2017\/06\/chofer-l\u00ednea-620-asaltado-500x282.jpg 500w, https:\/\/www.elsindical.com.ar\/notas\/var\/www\/html\/notas\/wp-content\/uploads\/2017\/06\/chofer-l\u00ednea-620-asaltado.jpg 600w\" sizes=\"auto, (max-width: 300px) 100vw, 300px\" \/><\/a>\u00a0 Los delincuentes golpearon al chofer con la culata del arma en la cabeza, lo que le gener\u00f3 a la v\u00edctima un profundo corte. Las l\u00edneas iniciaron una medida de fuerza pero fue levantada y el servicio funciona normalmente.<\/span><\/em><\/p>\n<p>Un chofer de la l\u00ednea 620 fue salvajemente golpeado por delincuentes que lo abordaron en el colectivo, por no tener demasiada plata, en un hecho ocurrido en la localidad bonaerense de Virrey del Pino, partido de La Matanza.<\/p>\n<p>El hecho se inici\u00f3 en la Ruta 3, altura kil\u00f3metro 47,700, donde los ladrones armador abordaron el transporte de pasajeros.<\/p>\n<p>Al ver que no ten\u00eda demasiada plata, comenzaron a golpear al chofer con la culata del arma en la cabeza lo que le gener\u00f3 a la v\u00edctima un profundo corte.<\/p>\n<p>El colectivero fue trasladado a un centro asistencial local para ser asistido y poder suturar la herida.<\/p>\n<p>En tanto, sus compa\u00f1eros de la l\u00ednea 620 junto a los de la 382 iniciaron una protesta y cortaron la Ruta 3, altura kil\u00f3metro 42, en reclamo de mayor seguridad. Sin embargo, horas m\u00e1s tarde, la medida fue levantada y el servicio funciona normalmente.<\/p>\n<p>Este martes feriado por el 20 de Junio se repetir\u00e1 la protesta de los colectiveros, tambi\u00e9n con cortes en la misma zona.<\/p>\n","protected":false},"excerpt":{"rendered":"<p>\u00a0 Los delincuentes golpearon al chofer con la culata del arma en la cabeza, lo que le gener\u00f3 a la v\u00edctima un profundo corte. Las l\u00edneas iniciaron una medida de fuerza pero fue levantada y el servicio funciona normalmente. Un chofer de la l\u00ednea 620 fue salvajemente golpeado por delincuentes que lo abordaron en el&hellip;<\/p>\n","protected":false},"author":1,"featured_media":0,"comment_status":"open","ping_status":"open","sticky":false,"template":"","format":"standard","meta":{"footnotes":""},"categories":[22],"tags":[26271,1740,1401,6949],"class_list":["post-69223","post","type-post","status-publish","format-standard","hentry","category-policiales","tag-chofer-linea-620","tag-colectivero","tag-la-matanza","tag-virrey-del-pino"],"_links":{"self":[{"href":"https:\/\/www.elsindical.com.ar\/notas\/wp-json\/wp\/v2\/posts\/69223","targetHints":{"allow":["GET"]}}],"collection":[{"href":"https:\/\/www.elsindical.com.ar\/notas\/wp-json\/wp\/v2\/posts"}],"about":[{"href":"https:\/\/www.elsindical.com.ar\/notas\/wp-json\/wp\/v2\/types\/post"}],"author":[{"embeddable":true,"href":"https:\/\/www.elsindical.com.ar\/notas\/wp-json\/wp\/v2\/users\/1"}],"replies":[{"embeddable":true,"href":"https:\/\/www.elsindical.com.ar\/notas\/wp-json\/wp\/v2\/comments?post=69223"}],"version-history":[{"count":1,"href":"https:\/\/www.elsindical.com.ar\/notas\/wp-json\/wp\/v2\/posts\/69223\/revisions"}],"predecessor-version":[{"id":69225,"href":"https:\/\/www.elsindical.com.ar\/notas\/wp-json\/wp\/v2\/posts\/69223\/revisions\/69225"}],"wp:attachment":[{"href":"https:\/\/www.elsindical.com.ar\/notas\/wp-json\/wp\/v2\/media?parent=69223"}],"wp:term":[{"taxonomy":"category","embeddable":true,"href":"https:\/\/www.elsindical.com.ar\/notas\/wp-json\/wp\/v2\/categories?post=69223"},{"taxonomy":"post_tag","embeddable":true,"href":"https:\/\/www.elsindical.com.ar\/notas\/wp-json\/wp\/v2\/tags?post=69223"}],"curies":[{"name":"wp","href":"https:\/\/api.w.org\/{rel}","templated":true}]}}