{"id":69184,"date":"2017-06-19T07:59:27","date_gmt":"2017-06-19T10:59:27","guid":{"rendered":"http:\/\/www.elsindical.com.ar\/notas\/?p=69184"},"modified":"2017-06-19T07:59:27","modified_gmt":"2017-06-19T10:59:27","slug":"persiste-la-crisis-textil","status":"publish","type":"post","link":"https:\/\/www.elsindical.com.ar\/notas\/persiste-la-crisis-textil\/","title":{"rendered":"Persiste la crisis textil"},"content":{"rendered":"<p><em>\u00a0\u00a0 <a href=\"http:\/\/www.elsindical.com.ar\/notas\/var\/www\/html\/notas\/wp-content\/uploads\/2017\/06\/taller-textil.jpg\"><img loading=\"lazy\" decoding=\"async\" class=\"alignnone size-medium wp-image-69185\" src=\"http:\/\/www.elsindical.com.ar\/notas\/var\/www\/html\/notas\/wp-content\/uploads\/2017\/06\/taller-textil-300x179.jpg\" alt=\"\" width=\"300\" height=\"179\" srcset=\"https:\/\/www.elsindical.com.ar\/notas\/var\/www\/html\/notas\/wp-content\/uploads\/2017\/06\/taller-textil-300x179.jpg 300w, https:\/\/www.elsindical.com.ar\/notas\/var\/www\/html\/notas\/wp-content\/uploads\/2017\/06\/taller-textil-500x298.jpg 500w, https:\/\/www.elsindical.com.ar\/notas\/var\/www\/html\/notas\/wp-content\/uploads\/2017\/06\/taller-textil.jpg 620w\" sizes=\"auto, (max-width: 300px) 100vw, 300px\" \/><\/a>Un reciente informe del Centro de Econom\u00eda Pol\u00edtica Argentina (CEPA) expone la situaci\u00f3n del sector textil a nivel nacional hasta mayo de este a\u00f1o. A trav\u00e9s de una serie de variables el estudio refleja en n\u00fameros las condiciones de un rubro que se mantiene en estado cr\u00edtico.<\/em><\/p>\n<p>Al tratarse de una industria dependiente del poder adquisitivo local, la retracci\u00f3n del mercado interno afect\u00f3 negativamente los niveles de ventas, situaci\u00f3n que estuvo acompa\u00f1ada por una suba en los costos de producci\u00f3n, v\u00eda tarifazos.<\/p>\n<p>El estudio pone en evidencia que el sector \u201ctuvo una tasa de crecimiento por debajo del promedio de la econom\u00eda evidenciando que no fue un buen a\u00f1o para los textiles\u201d, en referencia a 2016.<\/p>\n<p>En cuanto a la variaci\u00f3n en t\u00e9rminos de producci\u00f3n f\u00edsica, \u201ctoda la producci\u00f3n de la econom\u00eda se retrajo un 2,37 por ciento, pero este proceso se acent\u00faa cuando hacemos foco en la rama textil\u201d. As\u00ed, \u201cla producci\u00f3n f\u00edsica de los productos textiles se redujo un 7,10 por ciento mientras que las confecciones de prenda de vestir tuvieron una ca\u00edda bastante m\u00e1s pronunciada, del 11,77 por ciento\u201d.<\/p>\n<p>El informe de CEPA tambi\u00e9n marca para el sector textil un incremento de precios de sus productos bastante inferior al promedio econ\u00f3mico registrado el a\u00f1o pasado, consecuencia de la inflaci\u00f3n.<\/p>\n<p>En otro punto, se destaca una disminuci\u00f3n de los empleos. Se habla de una reducci\u00f3n del personal del sector de prendas de confecci\u00f3n de un 3,39 por ciento, mientras que en productos textiles esa merma fue del 1,48 por ciento.<\/p>\n<p>Se agrega, seg\u00fan datos de la Superintendencia de Riesgos de Trabajo (SRT), que la expulsi\u00f3n de trabajadores se concentr\u00f3 principalmente en grandes empresas. En tal sentido, CEPA advierte que \u201clas empresas del segmento peque\u00f1o, con menos de 100 trabajadores, han despedido a 0,38 por ciento de su plantilla durante el a\u00f1o 2016\u201d, mientras que \u201clas empresas que detentan m\u00e1s de 2.500 trabajadores han reducido sus planteles laborales desde diciembre de manera ininterrumpida, con ca\u00edda del 3,92 entre diciembre de 2015 y diciembre de 2016\u201d.<\/p>\n<p>Vinculado a lo anterior, a partir de diciembre de 2015 se calculan que fueron 11.820 los trabajadores suspendidos: \u201cEsta nueva realidad pone en tensi\u00f3n sobre el an\u00e1lisis que venimos realizando dado que, si bien todav\u00eda conservan su fuente de trabajo, muchos trabajadores debieron afrontar suspensiones o recortes de horas que termin\u00f3 afectando sus estabilidad laboral\u201d.<\/p>\n<p>Aquellos trabajadores que todav\u00eda conservan sus puestos deben hacerlo en peores condiciones, principalmente salariales. El estudio indica que \u201cel salario promedio se redujo un 10,59 por ciento, tres puntos m\u00e1s que el promedio de la econom\u00eda\u201d. Por eso se plantea que \u201csi bien muchos trabajadores de esta industria lograron conservar sus empleos, en comparaci\u00f3n con otros sectores, los mismos lo hicieron a costa de ver reducida notablemente su capacidad de compra medida seg\u00fan inflaci\u00f3n\u201d.<\/p>\n","protected":false},"excerpt":{"rendered":"<p>\u00a0\u00a0 Un reciente informe del Centro de Econom\u00eda Pol\u00edtica Argentina (CEPA) expone la situaci\u00f3n del sector textil a nivel nacional hasta mayo de este a\u00f1o. A trav\u00e9s de una serie de variables el estudio refleja en n\u00fameros las condiciones de un rubro que se mantiene en estado cr\u00edtico. Al tratarse de una industria dependiente del&hellip;<\/p>\n","protected":false},"author":1,"featured_media":0,"comment_status":"open","ping_status":"open","sticky":false,"template":"","format":"standard","meta":{"footnotes":""},"categories":[9],"tags":[24898,390,22023,9620],"class_list":["post-69184","post","type-post","status-publish","format-standard","hentry","category-economia","tag-cepa","tag-crisis","tag-economia","tag-textil"],"_links":{"self":[{"href":"https:\/\/www.elsindical.com.ar\/notas\/wp-json\/wp\/v2\/posts\/69184","targetHints":{"allow":["GET"]}}],"collection":[{"href":"https:\/\/www.elsindical.com.ar\/notas\/wp-json\/wp\/v2\/posts"}],"about":[{"href":"https:\/\/www.elsindical.com.ar\/notas\/wp-json\/wp\/v2\/types\/post"}],"author":[{"embeddable":true,"href":"https:\/\/www.elsindical.com.ar\/notas\/wp-json\/wp\/v2\/users\/1"}],"replies":[{"embeddable":true,"href":"https:\/\/www.elsindical.com.ar\/notas\/wp-json\/wp\/v2\/comments?post=69184"}],"version-history":[{"count":1,"href":"https:\/\/www.elsindical.com.ar\/notas\/wp-json\/wp\/v2\/posts\/69184\/revisions"}],"predecessor-version":[{"id":69186,"href":"https:\/\/www.elsindical.com.ar\/notas\/wp-json\/wp\/v2\/posts\/69184\/revisions\/69186"}],"wp:attachment":[{"href":"https:\/\/www.elsindical.com.ar\/notas\/wp-json\/wp\/v2\/media?parent=69184"}],"wp:term":[{"taxonomy":"category","embeddable":true,"href":"https:\/\/www.elsindical.com.ar\/notas\/wp-json\/wp\/v2\/categories?post=69184"},{"taxonomy":"post_tag","embeddable":true,"href":"https:\/\/www.elsindical.com.ar\/notas\/wp-json\/wp\/v2\/tags?post=69184"}],"curies":[{"name":"wp","href":"https:\/\/api.w.org\/{rel}","templated":true}]}}