{"id":69177,"date":"2017-06-19T07:20:10","date_gmt":"2017-06-19T10:20:10","guid":{"rendered":"http:\/\/www.elsindical.com.ar\/notas\/?p=69177"},"modified":"2017-06-19T07:20:10","modified_gmt":"2017-06-19T10:20:10","slug":"recibidores-de-granos-logro-gratificacion-extraordinaria-en-acopios","status":"publish","type":"post","link":"https:\/\/www.elsindical.com.ar\/notas\/recibidores-de-granos-logro-gratificacion-extraordinaria-en-acopios\/","title":{"rendered":"Recibidores de Granos logr\u00f3 gratificaci\u00f3n extraordinaria en acopios"},"content":{"rendered":"<p class=\"copete\"><em>\u00a0 <a href=\"http:\/\/www.elsindical.com.ar\/notas\/var\/www\/html\/notas\/wp-content\/uploads\/2017\/06\/recbidores-de-granos.jpg\"><img loading=\"lazy\" decoding=\"async\" class=\"alignnone size-medium wp-image-69178\" src=\"http:\/\/www.elsindical.com.ar\/notas\/var\/www\/html\/notas\/wp-content\/uploads\/2017\/06\/recbidores-de-granos-300x176.jpg\" alt=\"\" width=\"300\" height=\"176\" srcset=\"https:\/\/www.elsindical.com.ar\/notas\/var\/www\/html\/notas\/wp-content\/uploads\/2017\/06\/recbidores-de-granos-300x176.jpg 300w, https:\/\/www.elsindical.com.ar\/notas\/var\/www\/html\/notas\/wp-content\/uploads\/2017\/06\/recbidores-de-granos-500x293.jpg 500w, https:\/\/www.elsindical.com.ar\/notas\/var\/www\/html\/notas\/wp-content\/uploads\/2017\/06\/recbidores-de-granos.jpg 690w\" sizes=\"auto, (max-width: 300px) 100vw, 300px\" \/><\/a>La Uni\u00f3n de Recibidores de Granos de la Rep\u00fablica Argentina (URGARA), que conduce Alfredo Palacio, anunci\u00f3 hoy que se lleg\u00f3 a un acuerdo con las entidades CONINAGRO y la Federaci\u00f3n de Centros y Entidades Gremiales de Acopiadores de Cereales por la gratificaci\u00f3n extraordinaria que hab\u00eda sido reclamada con medidas de fuerza en semanas anteriores. El gremio aclar\u00f3 que a\u00fan la paritaria no est\u00e1 cerrada.<\/em><\/p>\n<p>La URGARA acord\u00f3 as\u00ed con ambas entidades el pago inmediato para los trabajadores comprendidos en el CCT 574\/10, de una suma de $ 3500 pesos para las plantas que tengan un giro anual de hasta 100.00 toneladas, $ 5000 para las que no superen el giro de 200.000 toneladas anuales, y $ 6000 para las que s\u00ed lo hagan. Adem\u00e1s qued\u00f3 estipulado que las todas las empresas, sin distinci\u00f3n de tonelaje, abonar\u00e1n la suma no remunerativa de $ 1.000 pesos a cuenta de futuros aumentos en la liquidaci\u00f3n de junio de 2017.<\/p>\n<p>\u00abEste es el primer pago que se consigue en concepto de gratificaci\u00f3n para la rama de acopio, de la misma manera que se hab\u00eda logrado para otras ramas en a\u00f1os anteriores, y estamos muy orgullosos del compromiso de los Recibidores de Granos que en unidad logramos el reconocimiento justo\u201d, destac\u00f3 Pablo Palacio, Secretario adjunto del gremio.<\/p>\n<p>En relaci\u00f3n con las discusiones paritarias que comenzaron ayer en la reuni\u00f3n con CONINAGRO y Acopiadores, Palacio inform\u00f3 que el jueves de la semana que viene habr\u00e1 una segunda reuni\u00f3n para continuar las negociaciones, adem\u00e1s de otra con puertos y con el sector de exportaci\u00f3n.<\/p>\n<p>Cabe recordar que los recibidores de granos realizaron el \u00faltimo mes un paro de 48 hs. en el sector de acopio y anunciaron otro por 72 hs. que luego suspendieron ante una mesa de di\u00e1logo que logr\u00f3 ahora el acuerdo por la gratificaci\u00f3n quedando pendiente el cierre paritario.<\/p>\n<p>URGARA tambi\u00e9n sostuvo que anoche se clausur\u00f3 en la ciudad de Pehuaj\u00f3, Provincia de Buenos Aires, un Encuentro Nacional de todos los secretarios generales de seccionales y delegados regionales y de empresa de todo el pa\u00eds afiliados a la URGARA.<\/p>\n<p>\u00abNos concentramos para poner al tanto a todos los compa\u00f1eros de las distintas \u00e1reas en las que estamos trabajando. Se dio la participaci\u00f3n activa de m\u00e1s de 150 afiliados, que es lo que en definitiva se est\u00e1 buscando, tratar de acercarnos lo m\u00e1s posible a los lugares donde los trabajadores necesitan ser debidamente representados\u201d, expres\u00f3 Pablo Palacio.<\/p>\n<p>La elecci\u00f3n de Pehuaj\u00f3 como sede del encuentro se ha dado por una cuesti\u00f3n \u201csimb\u00f3lica, dado el conflicto que tuvimos con la empresa CHS, que despidi\u00f3 a 4 trabajadores por haber intentado afiliarse a la URGARA. Los compa\u00f1eros ya fueron reincorporados y hoy tuvieron la posibilidad de informarse y conocer de las ventajas de formar parte del gremio\u201d, finaliz\u00f3 Palacio.<\/p>\n","protected":false},"excerpt":{"rendered":"<p>\u00a0 La Uni\u00f3n de Recibidores de Granos de la Rep\u00fablica Argentina (URGARA), que conduce Alfredo Palacio, anunci\u00f3 hoy que se lleg\u00f3 a un acuerdo con las entidades CONINAGRO y la Federaci\u00f3n de Centros y Entidades Gremiales de Acopiadores de Cereales por la gratificaci\u00f3n extraordinaria que hab\u00eda sido reclamada con medidas de fuerza en semanas anteriores.&hellip;<\/p>\n","protected":false},"author":1,"featured_media":0,"comment_status":"open","ping_status":"open","sticky":false,"template":"","format":"standard","meta":{"footnotes":""},"categories":[16],"tags":[26261,20153,26077,21703],"class_list":["post-69177","post","type-post","status-publish","format-standard","hentry","category-gremiales","tag-alfredo-palacio","tag-cct","tag-coninagro","tag-urgara"],"_links":{"self":[{"href":"https:\/\/www.elsindical.com.ar\/notas\/wp-json\/wp\/v2\/posts\/69177","targetHints":{"allow":["GET"]}}],"collection":[{"href":"https:\/\/www.elsindical.com.ar\/notas\/wp-json\/wp\/v2\/posts"}],"about":[{"href":"https:\/\/www.elsindical.com.ar\/notas\/wp-json\/wp\/v2\/types\/post"}],"author":[{"embeddable":true,"href":"https:\/\/www.elsindical.com.ar\/notas\/wp-json\/wp\/v2\/users\/1"}],"replies":[{"embeddable":true,"href":"https:\/\/www.elsindical.com.ar\/notas\/wp-json\/wp\/v2\/comments?post=69177"}],"version-history":[{"count":1,"href":"https:\/\/www.elsindical.com.ar\/notas\/wp-json\/wp\/v2\/posts\/69177\/revisions"}],"predecessor-version":[{"id":69179,"href":"https:\/\/www.elsindical.com.ar\/notas\/wp-json\/wp\/v2\/posts\/69177\/revisions\/69179"}],"wp:attachment":[{"href":"https:\/\/www.elsindical.com.ar\/notas\/wp-json\/wp\/v2\/media?parent=69177"}],"wp:term":[{"taxonomy":"category","embeddable":true,"href":"https:\/\/www.elsindical.com.ar\/notas\/wp-json\/wp\/v2\/categories?post=69177"},{"taxonomy":"post_tag","embeddable":true,"href":"https:\/\/www.elsindical.com.ar\/notas\/wp-json\/wp\/v2\/tags?post=69177"}],"curies":[{"name":"wp","href":"https:\/\/api.w.org\/{rel}","templated":true}]}}