{"id":69164,"date":"2017-06-19T06:50:38","date_gmt":"2017-06-19T09:50:38","guid":{"rendered":"http:\/\/www.elsindical.com.ar\/notas\/?p=69164"},"modified":"2017-06-19T06:50:38","modified_gmt":"2017-06-19T09:50:38","slug":"facturas-de-luz-y-gas-con-fuertes-aumentos","status":"publish","type":"post","link":"https:\/\/www.elsindical.com.ar\/notas\/facturas-de-luz-y-gas-con-fuertes-aumentos\/","title":{"rendered":"Facturas de luz y gas con fuertes aumentos"},"content":{"rendered":"<p><em>\u00a0 <a href=\"http:\/\/www.elsindical.com.ar\/notas\/var\/www\/html\/notas\/wp-content\/uploads\/2017\/06\/facturas-luz-y-gas.jpg\"><img loading=\"lazy\" decoding=\"async\" class=\"alignnone size-medium wp-image-69165\" src=\"http:\/\/www.elsindical.com.ar\/notas\/var\/www\/html\/notas\/wp-content\/uploads\/2017\/06\/facturas-luz-y-gas-300x223.jpg\" alt=\"\" width=\"300\" height=\"223\" srcset=\"https:\/\/www.elsindical.com.ar\/notas\/var\/www\/html\/notas\/wp-content\/uploads\/2017\/06\/facturas-luz-y-gas-300x223.jpg 300w, https:\/\/www.elsindical.com.ar\/notas\/var\/www\/html\/notas\/wp-content\/uploads\/2017\/06\/facturas-luz-y-gas-403x300.jpg 403w, https:\/\/www.elsindical.com.ar\/notas\/var\/www\/html\/notas\/wp-content\/uploads\/2017\/06\/facturas-luz-y-gas.jpg 750w\" sizes=\"auto, (max-width: 300px) 100vw, 300px\" \/><\/a>El Defensor del Pueblo bonaerense, Guido Lorenzino, asegur\u00f3 que continuar\u00e1 batallando en la Justicia para impedir que se apliquen los \u00abaumentos de entre 80% y 100%\u00bb a las tarifas el\u00e9ctricas en el interior de la provincia de Buenos Aires.<\/em><\/p>\n<p>Lorenzino, Defensor del Pueblo bonaerense, dijo que la Provincia determin\u00f3 un cuadro de actualizaci\u00f3n tarifaria que la Defensor\u00eda intent\u00f3 sin \u00e9xito modificar en la audiencia p\u00fablica y en reuniones extraoficiales, por lo que fue a la Justicia donde obtuvo finalmente la suspensi\u00f3n. Se esperan aumentos de entre 8 y 100% para el interior de la provincia de Buenos Aires.<\/p>\n<p>El juez en lo Contencioso Administrativo n\u00famero 1 de La Plata Luis Arias volvi\u00f3 a ponerle freno al aumento de la tarifa de luz al hacer lugar la medida cautelar solicitada por el Defensor del Pueblo bonaerense.<\/p>\n<p>La medida fue dispuesta el viernes por el juez administrativo Luis Federico Arias, el mismo que hab\u00eda dictado la pre cautelar que hab\u00eda frenado por primera vez el incremento.<\/p>\n<p>A esa medida la C\u00e1mara de ese fuero dej\u00f3 sin efecto, tras lo cual, ahora, Arias dict\u00f3 una cautelar por lo que los aumentos quedaron nuevamente suspendidos.<\/p>\n<p>Se trata de una decisi\u00f3n que exige se d\u00e9 marcha atr\u00e1s con la resoluci\u00f3n 419\/17 del Ministerio de Infraestructura y Servicios P\u00fablicos que convalid\u00f3 los aumentos.<\/p>\n<p>De esta forma, deber\u00e1n retrotraerse los valores del servicio el\u00e9ctrico que cobran EDELAP, EDEN, EDES y EDEA, y los valores del cuadro tarifario de referencia del \u00c1rea Atl\u00e1ntica, Norte y Sur.<\/p>\n<p>El Defensor dijo que tambi\u00e9n ir\u00e1 a la C\u00e1mara Federal a intentar frenar los aumentos que se dieron en las jurisdicciones de Edenor y Edesur porque estos \u00abno guardaron relaci\u00f3n\u00bb con lo que fueron los ingresos de los usuarios, que perdieron frente a la inflaci\u00f3n en 2016 y en lo que va de 2017.<\/p>\n<p>Lorenzino dijo que no son el juez ni el Defensor del Pueblo quienes deben definir los cuadros tarifarios de los servicios p\u00fablicos sino el Gobierno que eligi\u00f3 la gente a trav\u00e9s del sufragio.<\/p>\n<p>\u00abLamentablemente este gobierno decidi\u00f3 dar aumentos del 120 por ciento a empresas como Edelap cuando la propia compa\u00f1\u00eda pidi\u00f3 un incremento del 50 por ciento\u00bb, dijo el Defensor del Pueblo bonaerense en declaraciones al canal de noticias C5N.<\/p>\n<p>Indic\u00f3 en ese sentido Lorenzino que \u00abes la primera vez en la historia\u00bb en la que una empresa privada concesionaria de un servicio p\u00fablico obtiene m\u00e1s aumento de tarifas de la que pretende para asegurar la calidad del servicio e invertir.<\/p>\n<p>\u00abEstamos frente a un gobierno que tiene una mirada de favorecer a las empresas. Entonces es muy dif\u00edcil. Por eso esta pelea: el Estado, que deber\u00eda regular la relaci\u00f3n entre los poderosos y los que menos tienen, ya tom\u00f3 una posici\u00f3n\u00bb, dijo Lorenzino.<\/p>\n<p>El Defensor del Pueblo indic\u00f3 que el cuadro tarifario definido por la administraci\u00f3n de Mar\u00eda Eugenia Vidal, que ahora est\u00e1 suspendido, contempla aumentos de entre 80 y 100 por ciento para los usuarios de la energ\u00eda el\u00e9ctrica.<\/p>\n<p>\u00abSe definieron esos aumentos mientras en la provincia de Buenos Aires las paritarias no superan el 20 por ciento. No hay una relaci\u00f3n\u00bb, dijo Lorenzino al ratificar que la Defensor\u00eda continuar\u00e1 batallando para impedir que se apliquen los incrementos.<\/p>\n","protected":false},"excerpt":{"rendered":"<p>\u00a0 El Defensor del Pueblo bonaerense, Guido Lorenzino, asegur\u00f3 que continuar\u00e1 batallando en la Justicia para impedir que se apliquen los \u00abaumentos de entre 80% y 100%\u00bb a las tarifas el\u00e9ctricas en el interior de la provincia de Buenos Aires. Lorenzino, Defensor del Pueblo bonaerense, dijo que la Provincia determin\u00f3 un cuadro de actualizaci\u00f3n tarifaria&hellip;<\/p>\n","protected":false},"author":1,"featured_media":0,"comment_status":"open","ping_status":"open","sticky":false,"template":"","format":"standard","meta":{"footnotes":""},"categories":[9],"tags":[],"class_list":["post-69164","post","type-post","status-publish","format-standard","hentry","category-economia"],"_links":{"self":[{"href":"https:\/\/www.elsindical.com.ar\/notas\/wp-json\/wp\/v2\/posts\/69164","targetHints":{"allow":["GET"]}}],"collection":[{"href":"https:\/\/www.elsindical.com.ar\/notas\/wp-json\/wp\/v2\/posts"}],"about":[{"href":"https:\/\/www.elsindical.com.ar\/notas\/wp-json\/wp\/v2\/types\/post"}],"author":[{"embeddable":true,"href":"https:\/\/www.elsindical.com.ar\/notas\/wp-json\/wp\/v2\/users\/1"}],"replies":[{"embeddable":true,"href":"https:\/\/www.elsindical.com.ar\/notas\/wp-json\/wp\/v2\/comments?post=69164"}],"version-history":[{"count":1,"href":"https:\/\/www.elsindical.com.ar\/notas\/wp-json\/wp\/v2\/posts\/69164\/revisions"}],"predecessor-version":[{"id":69166,"href":"https:\/\/www.elsindical.com.ar\/notas\/wp-json\/wp\/v2\/posts\/69164\/revisions\/69166"}],"wp:attachment":[{"href":"https:\/\/www.elsindical.com.ar\/notas\/wp-json\/wp\/v2\/media?parent=69164"}],"wp:term":[{"taxonomy":"category","embeddable":true,"href":"https:\/\/www.elsindical.com.ar\/notas\/wp-json\/wp\/v2\/categories?post=69164"},{"taxonomy":"post_tag","embeddable":true,"href":"https:\/\/www.elsindical.com.ar\/notas\/wp-json\/wp\/v2\/tags?post=69164"}],"curies":[{"name":"wp","href":"https:\/\/api.w.org\/{rel}","templated":true}]}}