{"id":69062,"date":"2017-06-15T10:53:53","date_gmt":"2017-06-15T13:53:53","guid":{"rendered":"http:\/\/www.elsindical.com.ar\/notas\/?p=69062"},"modified":"2017-06-15T10:53:53","modified_gmt":"2017-06-15T13:53:53","slug":"denuncian-que-la-uom-dejo-sin-cobertura-medica-a-un-afiliado","status":"publish","type":"post","link":"https:\/\/www.elsindical.com.ar\/notas\/denuncian-que-la-uom-dejo-sin-cobertura-medica-a-un-afiliado\/","title":{"rendered":"Denuncian que la UOM dej\u00f3 sin cobertura m\u00e9dica a un afiliado"},"content":{"rendered":"<p class=\"copete\"><em>\u00a0 <a href=\"http:\/\/www.elsindical.com.ar\/notas\/var\/www\/html\/notas\/wp-content\/uploads\/2017\/06\/Susana-Groda.jpg\"><img loading=\"lazy\" decoding=\"async\" class=\"alignnone size-medium wp-image-69063\" src=\"http:\/\/www.elsindical.com.ar\/notas\/var\/www\/html\/notas\/wp-content\/uploads\/2017\/06\/Susana-Groda-300x176.jpg\" alt=\"\" width=\"300\" height=\"176\" srcset=\"https:\/\/www.elsindical.com.ar\/notas\/var\/www\/html\/notas\/wp-content\/uploads\/2017\/06\/Susana-Groda-300x176.jpg 300w, https:\/\/www.elsindical.com.ar\/notas\/var\/www\/html\/notas\/wp-content\/uploads\/2017\/06\/Susana-Groda-500x293.jpg 500w, https:\/\/www.elsindical.com.ar\/notas\/var\/www\/html\/notas\/wp-content\/uploads\/2017\/06\/Susana-Groda.jpg 690w\" sizes=\"auto, (max-width: 300px) 100vw, 300px\" \/><\/a>Alejandro Martenik Groda tiene 69 a\u00f1os y padece de hemoglobinuria parox\u00edstica nocturna, una rara enfermedad que solo 3 personas tienen en Argentina. Denuncian que la obra social se niega a suministrar la medicaci\u00f3n.<\/em><\/p>\n<p>En la p\u00e1gina web de la Obra Social de la Uni\u00f3n Obrera Metal\u00fargica (UOM) Antonio Cal\u00f3 en pocas palabras da la bienvenida: \u201cTodos los d\u00edas buscamos mejorar la calidad de la atenci\u00f3n en todos los \u00e1mbitos. Nuestro desaf\u00edo es brindarte a vos y a tu grupo familiar un servicio de excelencia (\u2026) Con la responsabilidad de estar siempre junto a nuestra gente, desde hace m\u00e1s de sesenta a\u00f1os nos gu\u00eda la misma esencia: brindar un servicio m\u00e9dico con principios solidarios, basado en una gesti\u00f3n moderna y profesional. Sin embargo estas palabras parecen no cumplirse en la seccional de Avellaneda.<\/p>\n<p>\u201cA mi pap\u00e1 lo tengo en casa como un vegetal. No tiene fuerzas, no camina, no hace nada porque no tiene la medicaci\u00f3n que lo salva\u201d cont\u00f3 en \u201cDemasiado Humo\u201d Susana Groda, hija de Alejandro. \u201c\u00c9l sin esa medicaci\u00f3n no vive, y desde la obra social de la UOM nos dicen que es muy cara y no la pueden pagar\u201d explic\u00f3 con la voz entrecortada al programa de televisi\u00f3n.<\/p>\n<p>Por m\u00e1s de 40 a\u00f1os Alejandro Martenik Groda trabaj\u00f3 en la actividad metal\u00fargica y aport\u00f3 a la Obra Social de la Uni\u00f3n Metal\u00fargica de la Rep\u00fablica Argentina (O.S.U.O.M.R.A). Despu\u00e9s de varias idas y vueltas, en 2005 le diagnosticaron esa extra\u00f1a enfermedad, por eso, cada 15 d\u00edas, el trabajador metal\u00fargico, debe aplicarse 3 ampollas de Soliris (Eculizumab), que permite una mejora en su salud. Viene de Italia y no hay ninguna otra que pueda sustituirla para apalear la enfermedad que en Argentina solo tres pacientes padecen.<\/p>\n<p>Se trata de hemoglobinuria parox\u00edstica nocturna, que provoca la desintegraci\u00f3n de los gl\u00f3bulos rojos a trav\u00e9s de la orina. Walter, yerno de Alejandro explic\u00f3 al portal de noticias Pol\u00edtica Sur que: \u201cnunca nos imaginamos que la UOM nos iba a dar la espalda de esta manera y que iba a abandonar a una persona. Dejarla a la deriva de esta manera para que se muera\u201d<\/p>\n<p>A pesar de las reiteradas denuncias y del derrotero medi\u00e1tico que la familia est\u00e1 haciendo para visibilizar el tema, la respuesta no aparece. \u00abLas veces que nos acercamos al sindicato nos dijeron que la obra social es una cosa y el sindicato es otra cosa\u00bb, explic\u00f3 Susana a QM Noticias.<\/p>\n<p>Por m\u00e1s de un a\u00f1o, la UOM brind\u00f3 de manera regular la medicaci\u00f3n a Alejandro, pero un d\u00eda sin previo aviso dej\u00f3 de suministrar. \u00abUn d\u00eda nos dijeron en la obra social que la UOM no autorizaba m\u00e1s la medicaci\u00f3n. Cuando les preguntamos por qu\u00e9, nos respondieron que es muy cara y no se puede pagar\u00bb, dijo Susana a Pol\u00edtica Sur.<\/p>\n<p>El enojo de la familia Martenik Groda se agrava a\u00fan m\u00e1s cuando recuerdan que en junio del a\u00f1o pasado \u201cun cargamento lleg\u00f3 pero como no lo retiraron a tiempo, se cort\u00f3 la cadena de fr\u00edo y esa medicaci\u00f3n se perdi\u00f3. As\u00ed como se la llevaron a mi pap\u00e1, vinieron y la retiraron y no repusieron\u201d agreg\u00f3 la hija de Alejandro en QM Noticias.<\/p>\n<p>A medida que avanza el tiempo, el estado de salud de Alejandro se torna m\u00e1s complejo. Susana Martenik Groda, concluy\u00f3 explicando que: \u201cquiero creer que Cal\u00f3 no est\u00e1 enterado de esto, no se inform\u00f3, no le contaron, porque como persona humana deber\u00eda decir \u00b4muchachos qu\u00e9 est\u00e1 pasando\u00b4. Cal\u00f3 tiene otros recursos, puede llegar al Ministerio de Salud, puede tocar puertas que yo lamentablemente no puedo\u201d.<\/p>\n","protected":false},"excerpt":{"rendered":"<p>\u00a0 Alejandro Martenik Groda tiene 69 a\u00f1os y padece de hemoglobinuria parox\u00edstica nocturna, una rara enfermedad que solo 3 personas tienen en Argentina. Denuncian que la obra social se niega a suministrar la medicaci\u00f3n. En la p\u00e1gina web de la Obra Social de la Uni\u00f3n Obrera Metal\u00fargica (UOM) Antonio Cal\u00f3 en pocas palabras da la&hellip;<\/p>\n","protected":false},"author":1,"featured_media":0,"comment_status":"open","ping_status":"open","sticky":false,"template":"","format":"standard","meta":{"footnotes":""},"categories":[16],"tags":[7190,26226,26227,26225,1264],"class_list":["post-69062","post","type-post","status-publish","format-standard","hentry","category-gremiales","tag-afiliado","tag-alejandro-martenik","tag-groda","tag-osuomra","tag-uom"],"_links":{"self":[{"href":"https:\/\/www.elsindical.com.ar\/notas\/wp-json\/wp\/v2\/posts\/69062","targetHints":{"allow":["GET"]}}],"collection":[{"href":"https:\/\/www.elsindical.com.ar\/notas\/wp-json\/wp\/v2\/posts"}],"about":[{"href":"https:\/\/www.elsindical.com.ar\/notas\/wp-json\/wp\/v2\/types\/post"}],"author":[{"embeddable":true,"href":"https:\/\/www.elsindical.com.ar\/notas\/wp-json\/wp\/v2\/users\/1"}],"replies":[{"embeddable":true,"href":"https:\/\/www.elsindical.com.ar\/notas\/wp-json\/wp\/v2\/comments?post=69062"}],"version-history":[{"count":1,"href":"https:\/\/www.elsindical.com.ar\/notas\/wp-json\/wp\/v2\/posts\/69062\/revisions"}],"predecessor-version":[{"id":69064,"href":"https:\/\/www.elsindical.com.ar\/notas\/wp-json\/wp\/v2\/posts\/69062\/revisions\/69064"}],"wp:attachment":[{"href":"https:\/\/www.elsindical.com.ar\/notas\/wp-json\/wp\/v2\/media?parent=69062"}],"wp:term":[{"taxonomy":"category","embeddable":true,"href":"https:\/\/www.elsindical.com.ar\/notas\/wp-json\/wp\/v2\/categories?post=69062"},{"taxonomy":"post_tag","embeddable":true,"href":"https:\/\/www.elsindical.com.ar\/notas\/wp-json\/wp\/v2\/tags?post=69062"}],"curies":[{"name":"wp","href":"https:\/\/api.w.org\/{rel}","templated":true}]}}