{"id":69028,"date":"2017-06-14T12:53:20","date_gmt":"2017-06-14T15:53:20","guid":{"rendered":"http:\/\/www.elsindical.com.ar\/notas\/?p=69028"},"modified":"2017-06-14T12:53:20","modified_gmt":"2017-06-14T15:53:20","slug":"es-campeona-paralimpica-y-denuncia-que-el-gobierno-le-saco-la-pension-por-discapacidad","status":"publish","type":"post","link":"https:\/\/www.elsindical.com.ar\/notas\/es-campeona-paralimpica-y-denuncia-que-el-gobierno-le-saco-la-pension-por-discapacidad\/","title":{"rendered":"Es campeona paral\u00edmpica y denuncia que el Gobierno le sac\u00f3 la pensi\u00f3n por discapacidad"},"content":{"rendered":"<p><em><span class=\"text description col-xs-8 col-lg-9\"><a href=\"http:\/\/www.elsindical.com.ar\/notas\/var\/www\/html\/notas\/wp-content\/uploads\/2017\/06\/Yanina-Mart\u00ednez.jpg\"><img loading=\"lazy\" decoding=\"async\" class=\"alignnone size-medium wp-image-69029\" src=\"http:\/\/www.elsindical.com.ar\/notas\/var\/www\/html\/notas\/wp-content\/uploads\/2017\/06\/Yanina-Mart\u00ednez-300x170.jpg\" alt=\"\" width=\"300\" height=\"170\" srcset=\"https:\/\/www.elsindical.com.ar\/notas\/var\/www\/html\/notas\/wp-content\/uploads\/2017\/06\/Yanina-Mart\u00ednez-300x170.jpg 300w, https:\/\/www.elsindical.com.ar\/notas\/var\/www\/html\/notas\/wp-content\/uploads\/2017\/06\/Yanina-Mart\u00ednez-500x283.jpg 500w, https:\/\/www.elsindical.com.ar\/notas\/var\/www\/html\/notas\/wp-content\/uploads\/2017\/06\/Yanina-Mart\u00ednez.jpg 630w\" sizes=\"auto, (max-width: 300px) 100vw, 300px\" \/><\/a>\u00a0\u00a0 La atleta Yanina Mart\u00ednez integra desde 2009 integra la selecci\u00f3n argentina y tiene una extensa trayectoria deportiva. Es una de las afectadas por la decisi\u00f3n del Ministerio de Desarrollo Social.<\/span><\/em><\/p>\n<p>La campeona paral\u00edmpica Yanina Mart\u00ednez fue una de las personas afectadas por la suspensi\u00f3n de pensiones por parte del Ministerio de Desarrollo Social, confirm\u00f3 la madre de la atleta, Claudia Ch\u00e1vez.<\/p>\n<p>\u00abYanina tiene suspendida la pensi\u00f3n\u00bb, afirm\u00f3 Ch\u00e1vez, al tiempo que precis\u00f3 que \u00able cortaron\u00bb el beneficio porque la atleta, medalla de oro en los \u00faltimos Juegos Paral\u00edmpicos de R\u00edo \u00abtiene un sponsor\u00bb.<\/p>\n<p>La madre de la joven indic\u00f3 que \u00abella tiene un contrato por un a\u00f1o y se anot\u00f3 en el monotributo\u00bb, al tiempo que precis\u00f3: \u00abal sponsor lo repartimos, por lo que queda menos o igual que la pensi\u00f3n\u00bb.<\/p>\n<p>\u00abQuiz\u00e1s cortaron a ciegas. Yani no tiene casa ni nada\u00bb, dijo la madre de la joven, al evaluar la situaci\u00f3n de la campeona paral\u00edmpica.<\/p>\n<p>Mart\u00ednez se convirti\u00f3 en la primera atleta argentina en 20 a\u00f1os en conseguir una medalla dorada en un Juego Paral\u00edmpico.<\/p>\n<p>La rosarina, que integr\u00f3 la selecci\u00f3n nacional de atletas con par\u00e1lisis cerebral que represent\u00f3 al pa\u00eds en R\u00edo 2016, logr\u00f3 subirse al podio tras ganar la prueba final de 100 metros.<\/p>\n<p>Mart\u00ednez integra desde 2009 integra la selecci\u00f3n argentina y tiene una extensa trayectoria deportiva.<\/p>\n<p>Gan\u00f3 sus primeras medallas plateadas en los Juegos Parapanamericanos de Guadalajara; al a\u00f1o siguiente debut\u00f3 con tan solo 18 a\u00f1os en los Juegos Paral\u00edmpicos de Londres 2012; consigui\u00f3 nuevos oros en los Juegos Parapanamericanos de Toronto y tamb\u00eden gan\u00f3 las pruebas de 100 y 200 metros en el Grand Prix de Berl\u00edn de 2016.<\/p>\n","protected":false},"excerpt":{"rendered":"<p>\u00a0\u00a0 La atleta Yanina Mart\u00ednez integra desde 2009 integra la selecci\u00f3n argentina y tiene una extensa trayectoria deportiva. Es una de las afectadas por la decisi\u00f3n del Ministerio de Desarrollo Social. La campeona paral\u00edmpica Yanina Mart\u00ednez fue una de las personas afectadas por la suspensi\u00f3n de pensiones por parte del Ministerio de Desarrollo Social, confirm\u00f3&hellip;<\/p>\n","protected":false},"author":1,"featured_media":0,"comment_status":"open","ping_status":"open","sticky":false,"template":"","format":"standard","meta":{"footnotes":""},"categories":[7],"tags":[26214,665,26213],"class_list":["post-69028","post","type-post","status-publish","format-standard","hentry","category-deportes","tag-atleta-paralimpica","tag-ministerio-de-desarrollo-social","tag-yanina-martinez"],"_links":{"self":[{"href":"https:\/\/www.elsindical.com.ar\/notas\/wp-json\/wp\/v2\/posts\/69028","targetHints":{"allow":["GET"]}}],"collection":[{"href":"https:\/\/www.elsindical.com.ar\/notas\/wp-json\/wp\/v2\/posts"}],"about":[{"href":"https:\/\/www.elsindical.com.ar\/notas\/wp-json\/wp\/v2\/types\/post"}],"author":[{"embeddable":true,"href":"https:\/\/www.elsindical.com.ar\/notas\/wp-json\/wp\/v2\/users\/1"}],"replies":[{"embeddable":true,"href":"https:\/\/www.elsindical.com.ar\/notas\/wp-json\/wp\/v2\/comments?post=69028"}],"version-history":[{"count":1,"href":"https:\/\/www.elsindical.com.ar\/notas\/wp-json\/wp\/v2\/posts\/69028\/revisions"}],"predecessor-version":[{"id":69030,"href":"https:\/\/www.elsindical.com.ar\/notas\/wp-json\/wp\/v2\/posts\/69028\/revisions\/69030"}],"wp:attachment":[{"href":"https:\/\/www.elsindical.com.ar\/notas\/wp-json\/wp\/v2\/media?parent=69028"}],"wp:term":[{"taxonomy":"category","embeddable":true,"href":"https:\/\/www.elsindical.com.ar\/notas\/wp-json\/wp\/v2\/categories?post=69028"},{"taxonomy":"post_tag","embeddable":true,"href":"https:\/\/www.elsindical.com.ar\/notas\/wp-json\/wp\/v2\/tags?post=69028"}],"curies":[{"name":"wp","href":"https:\/\/api.w.org\/{rel}","templated":true}]}}