{"id":69026,"date":"2017-06-14T12:41:44","date_gmt":"2017-06-14T15:41:44","guid":{"rendered":"http:\/\/www.elsindical.com.ar\/notas\/?p=69026"},"modified":"2017-06-14T12:41:44","modified_gmt":"2017-06-14T15:41:44","slug":"cidh-expresa-preocupacion-por-el-uso-de-la-fuerza-en-protestas-en-colombia","status":"publish","type":"post","link":"https:\/\/www.elsindical.com.ar\/notas\/cidh-expresa-preocupacion-por-el-uso-de-la-fuerza-en-protestas-en-colombia\/","title":{"rendered":"CIDH expresa preocupaci\u00f3n por el uso de la fuerza en protestas en Colombia"},"content":{"rendered":"<table width=\"600\">\n<tbody>\n<tr>\n<td>\n<table width=\"600\">\n<tbody>\n<tr>\n<td>\n<table width=\"100%\">\n<tbody>\n<tr>\n<td>\n<table width=\"100%\">\n<tbody>\n<tr>\n<td><a href=\"http:\/\/www.elsindical.com.ar\/notas\/var\/www\/html\/notas\/wp-content\/uploads\/2017\/03\/CIDH.jpg\"><img loading=\"lazy\" decoding=\"async\" class=\"alignnone size-medium wp-image-66483\" src=\"http:\/\/www.elsindical.com.ar\/notas\/var\/www\/html\/notas\/wp-content\/uploads\/2017\/03\/CIDH-300x180.jpg\" alt=\"\" width=\"300\" height=\"180\" srcset=\"https:\/\/www.elsindical.com.ar\/notas\/var\/www\/html\/notas\/wp-content\/uploads\/2017\/03\/CIDH-300x180.jpg 300w, https:\/\/www.elsindical.com.ar\/notas\/var\/www\/html\/notas\/wp-content\/uploads\/2017\/03\/CIDH-768x461.jpg 768w, https:\/\/www.elsindical.com.ar\/notas\/var\/www\/html\/notas\/wp-content\/uploads\/2017\/03\/CIDH-500x300.jpg 500w, https:\/\/www.elsindical.com.ar\/notas\/var\/www\/html\/notas\/wp-content\/uploads\/2017\/03\/CIDH.jpg 1000w\" sizes=\"auto, (max-width: 300px) 100vw, 300px\" \/><\/a>Washington, D.C. \u2013 La Comisi\u00f3n Interamericana de Derechos Humanos (CIDH) expresa su preocupaci\u00f3n por la represi\u00f3n de protestas y manifestaciones en Buenaventura, Colombia, por parte del Escuadr\u00f3n M\u00f3vil Anti-Disturbios (ESMAD). La CIDH urge al Estado colombiano a investigar si hubo un uso excesivo de la fuerza y a adoptar medidas urgentes y razonables para garantizar plenamente los derechos de reuni\u00f3n pac\u00edfica y de libertad de expresi\u00f3n.<\/p>\n<p>De acuerdo a informaci\u00f3n de p\u00fablico conocimiento, el 16 de mayo se inici\u00f3 una huelga general en Buenaventura que se extendi\u00f3 por 22 d\u00edas y durante la cual se realizaron marchas y protestas. Las movilizaciones fueron en reclamo de acceso a fuentes laborales, vivienda, agua potable, educaci\u00f3n y salud, entre otros derechos econ\u00f3micos, sociales y culturales. El 2 de junio de 2017, organizaciones de la sociedad civil y comunidades denunciaron que personal fuertemente armado del ESMAD realiz\u00f3 un operativo represivo en Buenaventura, incluyendo el uso de tanques entre civiles. La informaci\u00f3n recibida por la CIDH tambi\u00e9n indica que se utilizaron gases lacrim\u00f3genos contra manifestantes pac\u00edficos, incluidos ni\u00f1os, personas mayores y personas con discapacidad.<\/p>\n<p>La Comisi\u00f3n Interamericana expresa su profunda preocupaci\u00f3n por la informaci\u00f3n recibida en cuanto a que podr\u00eda haber habido un uso excesivo de la fuerza por parte de las autoridades de seguridad. Los Estados deben adoptar medidas a fin de garantizar que todos los sectores de la sociedad puedan ejercer su derecho a participar pac\u00edficamente en protestas, sin temor a sufrir actos de violencia. La conducta de las fuerzas de seguridad debe respetar en todo momento las normas internacionales de derechos humanos y cumplir con los principios de legalidad, necesidad y proporcionalidad.<\/p>\n<p>Adicionalmente, la CIDH llama a los Estados a implementar medidas que impidan el uso excesivo de la violencia, especialmente contra las personas afrodescendientes en Am\u00e9rica. La Comisi\u00f3n Interamericana ha estado monitoreando, a trav\u00e9s de audiencias tem\u00e1ticas regionales y otros instrumentos, casos que habr\u00edan involucrado el uso excesivo de la fuerza por agentes de polic\u00eda contra personas afrodescendientes. A este respecto, la CIDH insta al Estado a que adopte medidas legislativas, pol\u00edticas p\u00fablicas y medidas institucionales coordinadas para eliminar la discriminaci\u00f3n racial, incluyendo medidas para proteger y garantizar el derecho a la no discriminaci\u00f3n en el contexto de las manifestaciones.<\/p>\n<p>La Comisi\u00f3n Interamericana de Derechos Humanos destaca asimismo el deber de los Estados de adoptar todas las medidas a su alcance para promover el respeto y la garant\u00eda de todos los derechos econ\u00f3micos, sociales y culturales, teniendo en cuenta la situaci\u00f3n de exclusi\u00f3n sistem\u00e1tica de los afrodescendientes y sus comunidades. Los Estados deben dedicar recursos humanos y fondos para ayudar a neutralizar los prejuicios y los estereotipos raciales y, al mismo tiempo, mejorar las condiciones de vida de las personas de ascendencia africana con respecto a la atenci\u00f3n m\u00e9dica, la vivienda, la educaci\u00f3n y el trabajo.<\/p>\n<p>En este sentido, la CIDH saluda la realizaci\u00f3n de un di\u00e1logo constructivo entre representantes de los grupos de manifestantes y el Gobierno, que culmin\u00f3 en un acuerdo alcanzado el 6 de junio, tras el cual se levant\u00f3 la huelga. La Comisi\u00f3n espera que este acuerdo permita al Estado de Colombia a avanzar en garantizar derechos econ\u00f3micos, sociales y culturales b\u00e1sicos, como el acceso al agua potable, salud, vivienda, educaci\u00f3n y derechos laborales. Existe un estrecho v\u00ednculo entre los derechos econ\u00f3micos, sociales y culturales y los derechos civiles y pol\u00edticos. Las diferentes categor\u00edas de derechos constituyen un todo indivisible basado en el reconocimiento de la dignidad de la persona humana, raz\u00f3n por la cual ambos requieren protecci\u00f3n y promoci\u00f3n permanentes para su plena realizaci\u00f3n.<\/p>\n<p>La CIDH es un \u00f3rgano principal y aut\u00f3nomo de la Organizaci\u00f3n de los Estados Americanos (OEA), cuyo mandato surge de la Carta de la OEA y de la Convenci\u00f3n Americana sobre Derechos Humanos. La Comisi\u00f3n Interamericana tiene el mandato de promover la observancia y defensa de los derechos humanos en la regi\u00f3n y act\u00faa como \u00f3rgano consultivo de la OEA en la materia. La CIDH est\u00e1 integrada por siete miembros independientes que son elegidos por la Asamblea General de la OEA a t\u00edtulo personal, y no representan sus pa\u00edses de origen o residencia.<\/td>\n<\/tr>\n<\/tbody>\n<\/table>\n<\/td>\n<\/tr>\n<\/tbody>\n<\/table>\n<table width=\"100%\">\n<tbody>\n<tr>\n<td>\n<table width=\"100%\">\n<tbody>\n<tr>\n<td>\n<table width=\"100%\">\n<tbody>\n<tr>\n<td><\/td>\n<\/tr>\n<\/tbody>\n<\/table>\n<\/td>\n<\/tr>\n<\/tbody>\n<\/table>\n<\/td>\n<\/tr>\n<\/tbody>\n<\/table>\n<\/td>\n<\/tr>\n<\/tbody>\n<\/table>\n<\/td>\n<\/tr>\n<tr>\n<td>\n<table width=\"600\">\n<tbody>\n<tr>\n<td>\n<table width=\"100%\">\n<tbody>\n<tr>\n<td>\n<table width=\"100%\">\n<tbody>\n<tr>\n<td>\n<strong>Datos de contacto:\u00a0<\/strong><br \/>\nMar\u00eda Isabel Rivero |\u00a0Oficina de Prensa y Comunicaci\u00f3n de la CIDH<br \/>\n<a href=\"https:\/\/afrodita.astranetwork.net:2096\/cpsess8865020638\/3rdparty\/squirrelmail\/src\/compose.php?send_to=cidh-prensa@oas.org\">cidh-prensa@oas.org<\/a><\/p>\n<p><strong>Nuestra direcci\u00f3n de correo postal es: <\/strong><br \/>\nCIDH \/ IACHR<\/p>\n<p>Sede \/ Headquarters<\/p>\n<p>1889 F Street NW<\/p>\n<p>Washington, D.C. 20006<\/td>\n<\/tr>\n<\/tbody>\n<\/table>\n<\/td>\n<\/tr>\n<\/tbody>\n<\/table>\n<\/td>\n<\/tr>\n<\/tbody>\n<\/table>\n<\/td>\n<\/tr>\n<\/tbody>\n<\/table>\n","protected":false},"excerpt":{"rendered":"<p>Washington, D.C. \u2013 La Comisi\u00f3n Interamericana de Derechos Humanos (CIDH) expresa su preocupaci\u00f3n por la represi\u00f3n de protestas y manifestaciones en Buenaventura, Colombia, por parte del Escuadr\u00f3n M\u00f3vil Anti-Disturbios (ESMAD). La CIDH urge al Estado colombiano a investigar si hubo un uso excesivo de la fuerza y a adoptar medidas urgentes y razonables para garantizar&hellip;<\/p>\n","protected":false},"author":1,"featured_media":0,"comment_status":"open","ping_status":"open","sticky":false,"template":"","format":"standard","meta":{"footnotes":""},"categories":[8],"tags":[5139,2742,26212,3347,353,26211],"class_list":["post-69026","post","type-post","status-publish","format-standard","hentry","category-derechos-humanos","tag-cidh","tag-colombia","tag-esmad","tag-protestas","tag-represion","tag-uso-de-la-fuerza"],"_links":{"self":[{"href":"https:\/\/www.elsindical.com.ar\/notas\/wp-json\/wp\/v2\/posts\/69026","targetHints":{"allow":["GET"]}}],"collection":[{"href":"https:\/\/www.elsindical.com.ar\/notas\/wp-json\/wp\/v2\/posts"}],"about":[{"href":"https:\/\/www.elsindical.com.ar\/notas\/wp-json\/wp\/v2\/types\/post"}],"author":[{"embeddable":true,"href":"https:\/\/www.elsindical.com.ar\/notas\/wp-json\/wp\/v2\/users\/1"}],"replies":[{"embeddable":true,"href":"https:\/\/www.elsindical.com.ar\/notas\/wp-json\/wp\/v2\/comments?post=69026"}],"version-history":[{"count":1,"href":"https:\/\/www.elsindical.com.ar\/notas\/wp-json\/wp\/v2\/posts\/69026\/revisions"}],"predecessor-version":[{"id":69027,"href":"https:\/\/www.elsindical.com.ar\/notas\/wp-json\/wp\/v2\/posts\/69026\/revisions\/69027"}],"wp:attachment":[{"href":"https:\/\/www.elsindical.com.ar\/notas\/wp-json\/wp\/v2\/media?parent=69026"}],"wp:term":[{"taxonomy":"category","embeddable":true,"href":"https:\/\/www.elsindical.com.ar\/notas\/wp-json\/wp\/v2\/categories?post=69026"},{"taxonomy":"post_tag","embeddable":true,"href":"https:\/\/www.elsindical.com.ar\/notas\/wp-json\/wp\/v2\/tags?post=69026"}],"curies":[{"name":"wp","href":"https:\/\/api.w.org\/{rel}","templated":true}]}}