{"id":69015,"date":"2017-06-14T08:11:51","date_gmt":"2017-06-14T11:11:51","guid":{"rendered":"http:\/\/www.elsindical.com.ar\/notas\/?p=69015"},"modified":"2017-06-14T08:11:51","modified_gmt":"2017-06-14T11:11:51","slug":"san-fernando-detienen-a-pareja-por-violacion-de-menores","status":"publish","type":"post","link":"https:\/\/www.elsindical.com.ar\/notas\/san-fernando-detienen-a-pareja-por-violacion-de-menores\/","title":{"rendered":"San Fernando: Detienen a pareja por violaci\u00f3n de menores"},"content":{"rendered":"<p><em><strong>\u00a0\u00a0<a href=\"http:\/\/www.elsindical.com.ar\/notas\/var\/www\/html\/notas\/wp-content\/uploads\/2017\/06\/violador-de-San-Fernando.jpg\"><img loading=\"lazy\" decoding=\"async\" class=\"alignnone size-medium wp-image-69016\" src=\"http:\/\/www.elsindical.com.ar\/notas\/var\/www\/html\/notas\/wp-content\/uploads\/2017\/06\/violador-de-San-Fernando-300x158.jpg\" alt=\"\" width=\"300\" height=\"158\" srcset=\"https:\/\/www.elsindical.com.ar\/notas\/var\/www\/html\/notas\/wp-content\/uploads\/2017\/06\/violador-de-San-Fernando-300x158.jpg 300w, https:\/\/www.elsindical.com.ar\/notas\/var\/www\/html\/notas\/wp-content\/uploads\/2017\/06\/violador-de-San-Fernando-500x263.jpg 500w, https:\/\/www.elsindical.com.ar\/notas\/var\/www\/html\/notas\/wp-content\/uploads\/2017\/06\/violador-de-San-Fernando.jpg 680w\" sizes=\"auto, (max-width: 300px) 100vw, 300px\" \/><\/a><\/strong> La madre de los chicos y su concubino terminaron detenidos.<\/em><\/p>\n<p>Pesquisas policiales de la Direcci\u00f3n Departamental de Investigaciones de San Isidro lograron detener a una mujer y a su concubino, a quienes se los acusa de haber violado, en reiteradas oportunidades, a sus 2 hijos biol\u00f3gicos y a 3 hijos que la imputada tuvo con otro hombre.<\/p>\n<p>Una de las v\u00edctimas es una bebita de apenas un a\u00f1o. La aberrante situaci\u00f3n se registr\u00f3 en la localidad bonaerense de San Fernando y los depravados fueron sorprendidos por los funcionarios mientras pretend\u00edan fugar al interior del pa\u00eds.<\/p>\n<p>Los voceros de los tribunales de San Isidro revelaron que dichos imputados -una mujer, de 32 a\u00f1os, y su concubino, de 24- resultaron apresados por las autoridades como saldo de un procedimiento desarrollado en una finca, situada en Alvear al 1400, en el citado distrito, en el norte del conurbano provincial.<\/p>\n<p>Trascendi\u00f3 que las infortunadas v\u00edctimas de la infernal odisea son un ni\u00f1o de 5 a\u00f1os y una beba de uno (ambos hijos de la pareja), y 3 chicos, de 7, 8 y 9, que nacieron a ra\u00edz de un v\u00ednculo sentimental que la implicada mantuvo con otro individuo.<\/p>\n<p>De acuerdo con lo manifestado por los informantes, la horrenda situaci\u00f3n se descubri\u00f3 cuando un hermano del muchacho revis\u00f3 la p\u00e1gina de Facebook de \u00e9ste, ocasi\u00f3n en la que observ\u00f3 varias im\u00e1genes de los menores, que aparec\u00edan desnudos.<\/p>\n<p>Por este motivo, el 1\u00b0 de junio pasado se radic\u00f3 una denuncia en la Comisar\u00eda de la Mujer y la Familia de San Fernando, lo que dio origen a una serie de labores investigativas, la cuales estuvieron acompa\u00f1adas de estudios periciales.<\/p>\n<p>Intervino en la causa, que fue caratulada \u00abAbuso sexual agravado, ultrajante por el v\u00ednculo\u00bb, la doctora<strong> Viviana Santella, <\/strong>quien es titular de la Fiscal\u00eda de Violencia de G\u00e9nero de San Fernando, dependiente del departamento judicial de San Isidro.<\/p>\n","protected":false},"excerpt":{"rendered":"<p>\u00a0\u00a0 La madre de los chicos y su concubino terminaron detenidos. Pesquisas policiales de la Direcci\u00f3n Departamental de Investigaciones de San Isidro lograron detener a una mujer y a su concubino, a quienes se los acusa de haber violado, en reiteradas oportunidades, a sus 2 hijos biol\u00f3gicos y a 3 hijos que la imputada tuvo&hellip;<\/p>\n","protected":false},"author":1,"featured_media":0,"comment_status":"open","ping_status":"open","sticky":false,"template":"","format":"standard","meta":{"footnotes":""},"categories":[22],"tags":[3344,681,99,486,252,40,221],"class_list":["post-69015","post","type-post","status-publish","format-standard","hentry","category-policiales","tag-abusos","tag-beba","tag-chicos","tag-hijos","tag-menores","tag-san-isidro","tag-sexuales"],"_links":{"self":[{"href":"https:\/\/www.elsindical.com.ar\/notas\/wp-json\/wp\/v2\/posts\/69015","targetHints":{"allow":["GET"]}}],"collection":[{"href":"https:\/\/www.elsindical.com.ar\/notas\/wp-json\/wp\/v2\/posts"}],"about":[{"href":"https:\/\/www.elsindical.com.ar\/notas\/wp-json\/wp\/v2\/types\/post"}],"author":[{"embeddable":true,"href":"https:\/\/www.elsindical.com.ar\/notas\/wp-json\/wp\/v2\/users\/1"}],"replies":[{"embeddable":true,"href":"https:\/\/www.elsindical.com.ar\/notas\/wp-json\/wp\/v2\/comments?post=69015"}],"version-history":[{"count":1,"href":"https:\/\/www.elsindical.com.ar\/notas\/wp-json\/wp\/v2\/posts\/69015\/revisions"}],"predecessor-version":[{"id":69017,"href":"https:\/\/www.elsindical.com.ar\/notas\/wp-json\/wp\/v2\/posts\/69015\/revisions\/69017"}],"wp:attachment":[{"href":"https:\/\/www.elsindical.com.ar\/notas\/wp-json\/wp\/v2\/media?parent=69015"}],"wp:term":[{"taxonomy":"category","embeddable":true,"href":"https:\/\/www.elsindical.com.ar\/notas\/wp-json\/wp\/v2\/categories?post=69015"},{"taxonomy":"post_tag","embeddable":true,"href":"https:\/\/www.elsindical.com.ar\/notas\/wp-json\/wp\/v2\/tags?post=69015"}],"curies":[{"name":"wp","href":"https:\/\/api.w.org\/{rel}","templated":true}]}}