{"id":68975,"date":"2017-06-13T15:06:08","date_gmt":"2017-06-13T18:06:08","guid":{"rendered":"http:\/\/www.elsindical.com.ar\/notas\/?p=68975"},"modified":"2017-06-13T15:06:08","modified_gmt":"2017-06-13T18:06:08","slug":"cidh-y-corteidh-confian-que-oea-duplicara-presupuesto-para-sistema-interamericano-de-derechos-humanos-en-la-asamblea-general","status":"publish","type":"post","link":"https:\/\/www.elsindical.com.ar\/notas\/cidh-y-corteidh-confian-que-oea-duplicara-presupuesto-para-sistema-interamericano-de-derechos-humanos-en-la-asamblea-general\/","title":{"rendered":"CIDH y CorteIDH conf\u00edan que OEA duplicar\u00e1 presupuesto para Sistema Interamericano de Derechos Humanos en la Asamblea General"},"content":{"rendered":"<p><a href=\"http:\/\/www.elsindical.com.ar\/notas\/var\/www\/html\/notas\/wp-content\/uploads\/2017\/03\/CIDH.jpg\"><img loading=\"lazy\" decoding=\"async\" class=\"alignnone size-medium wp-image-66483\" src=\"http:\/\/www.elsindical.com.ar\/notas\/var\/www\/html\/notas\/wp-content\/uploads\/2017\/03\/CIDH-300x180.jpg\" alt=\"\" width=\"300\" height=\"180\" srcset=\"https:\/\/www.elsindical.com.ar\/notas\/var\/www\/html\/notas\/wp-content\/uploads\/2017\/03\/CIDH-300x180.jpg 300w, https:\/\/www.elsindical.com.ar\/notas\/var\/www\/html\/notas\/wp-content\/uploads\/2017\/03\/CIDH-768x461.jpg 768w, https:\/\/www.elsindical.com.ar\/notas\/var\/www\/html\/notas\/wp-content\/uploads\/2017\/03\/CIDH-500x300.jpg 500w, https:\/\/www.elsindical.com.ar\/notas\/var\/www\/html\/notas\/wp-content\/uploads\/2017\/03\/CIDH.jpg 1000w\" sizes=\"auto, (max-width: 300px) 100vw, 300px\" \/><\/a>\u00a0\u00a0 Washington, D.C. \/ San Jos\u00e9, Costa Rica \u2013 La Comisi\u00f3n Interamericana de Derechos Humanos (CIDH) y la Corte Interamericana de Derechos Humanos (CorteIDH) conf\u00edan en que la Organizaci\u00f3n de los Estados Americanos (OEA) aprobar\u00e1 en su Asamblea General una propuesta financiera para un funcionamiento adecuado y sostenible del Sistema Interamericano de Derechos Humanos (SIDH).<\/p>\n<p>La propuesta actualmente en debate plantea duplicar el presupuesto anual del fondo regular de la OEA para el Sistema Interamericano de Derechos Humanos. Con este presupuesto, se buscar\u00eda garantizar la sostenibilidad y previsibilidad de los fondos disponibles para los dos \u00f3rganos del Sistema, cubriendo la totalidad de sus gastos actuales por medio de la contribuci\u00f3n anual de los Estados Miembros mejorando su capacidad de planificaci\u00f3n y gesti\u00f3n. Todo ello en beneficio directo a las v\u00edctimas de violaciones a los derechos humanos en la regi\u00f3n.<\/p>\n<p>En la actualidad la Comisi\u00f3n y la Corte dependen excesivamente de donaciones y contribuciones financieras voluntarias, que por su propia naturaleza son variables e impredecibles. Esta propuesta permitir\u00eda cambiar esta realidad, manteniendo la capacidad institucional actual de ambos \u00f3rganos para el cumplimiento de sus respectivos mandatos. Asimismo, esta iniciativa busca adecuar la partida presupuestal a fin de que sean los propios Estados Miembros de la OEA los principales financiadores de los \u00f3rganos del Sistema, ya que estos son los responsables de dotarlos de los recursos necesarios para cumplir cabalmente con su mandato en la promoci\u00f3n y protecci\u00f3n de los derechos humanos con plena autonom\u00eda e independencia.<\/p>\n<p>La Comisi\u00f3n y la Corte esperan que los Estados Miembros de la OEA apoyen la propuesta conjunta en forma un\u00e1nime y que sea aprobada en la Asamblea General que tendr\u00e1 lugar este mes de junio en M\u00e9xico. De esta manera, se pondr\u00eda fin a la incertidumbre financiera con la que trabajan ambos \u00f3rganos del SIDH.<\/p>\n<p>El 14 de junio de 2016, la Asamblea General Ordinaria de la OEA en Santo Domingo aprob\u00f3 una resoluci\u00f3n sobre \u201cPromoci\u00f3n y Protecci\u00f3n de los Derechos Humanos\u201d, donde los Estados Miembros expresaron su determinaci\u00f3n en encontrar una soluci\u00f3n duradera y estructural al grave problema del financiamiento insuficiente del sistema interamericano. En dicha resoluci\u00f3n, la Asamblea General resolvi\u00f3 reafirmar su \u201ccompromiso de lograr el pleno financiamiento de la CIDH a trav\u00e9s del Fondo Regular de la OEA\u201d.<\/p>\n<p>La Asamblea General instruy\u00f3 a la Secretar\u00eda General de la OEA a que, en consulta con la Comisi\u00f3n y la Corte, presentara propuestas para fortalecer la sustentabilidad financiera de ambos \u00f3rganos. El resultado fue que la CIDH y la CorteIDH acordaron una propuesta conjunta para el financiamiento adecuado y sostenible del Sistema Interamericano de Derechos Humanos, una acci\u00f3n consensuada que no ten\u00eda precedentes. Sin embargo, la misma no fue aprobada en la Asamblea General Extraordinaria de la OEA del 31 de octubre de 2016, donde se aprob\u00f3 el presupuesto para el a\u00f1o 2017. En su lugar, se aprob\u00f3 una cl\u00e1usula de emergencia para garantizar el funcionamiento de actividades esenciales este a\u00f1o y el seguimiento de la b\u00fasqueda de una soluci\u00f3n permanente para 2018, que iba a ser decidida en M\u00e9xico.<\/p>\n<p>La CIDH y la CorteIDH conf\u00edan en el momento hist\u00f3rico que significar\u00e1 la Asamblea General Ordinara de la OEA, que tendr\u00e1 lugar en M\u00e9xico este mes, para confirmar esta expectativa positiva para el programa de presupuesto de 2018. En definitiva, la aprobaci\u00f3n de esta propuesta ser\u00e1 un paso decisivo para reafirmar a los derechos humanos como un pilar y compromiso com\u00fan de Am\u00e9rica.<\/p>\n","protected":false},"excerpt":{"rendered":"<p>\u00a0\u00a0 Washington, D.C. \/ San Jos\u00e9, Costa Rica \u2013 La Comisi\u00f3n Interamericana de Derechos Humanos (CIDH) y la Corte Interamericana de Derechos Humanos (CorteIDH) conf\u00edan en que la Organizaci\u00f3n de los Estados Americanos (OEA) aprobar\u00e1 en su Asamblea General una propuesta financiera para un funcionamiento adecuado y sostenible del Sistema Interamericano de Derechos Humanos (SIDH).&hellip;<\/p>\n","protected":false},"author":1,"featured_media":0,"comment_status":"open","ping_status":"open","sticky":false,"template":"","format":"standard","meta":{"footnotes":""},"categories":[8],"tags":[5139,12972,26193],"class_list":["post-68975","post","type-post","status-publish","format-standard","hentry","category-derechos-humanos","tag-cidh","tag-oea","tag-sidh"],"_links":{"self":[{"href":"https:\/\/www.elsindical.com.ar\/notas\/wp-json\/wp\/v2\/posts\/68975","targetHints":{"allow":["GET"]}}],"collection":[{"href":"https:\/\/www.elsindical.com.ar\/notas\/wp-json\/wp\/v2\/posts"}],"about":[{"href":"https:\/\/www.elsindical.com.ar\/notas\/wp-json\/wp\/v2\/types\/post"}],"author":[{"embeddable":true,"href":"https:\/\/www.elsindical.com.ar\/notas\/wp-json\/wp\/v2\/users\/1"}],"replies":[{"embeddable":true,"href":"https:\/\/www.elsindical.com.ar\/notas\/wp-json\/wp\/v2\/comments?post=68975"}],"version-history":[{"count":1,"href":"https:\/\/www.elsindical.com.ar\/notas\/wp-json\/wp\/v2\/posts\/68975\/revisions"}],"predecessor-version":[{"id":68976,"href":"https:\/\/www.elsindical.com.ar\/notas\/wp-json\/wp\/v2\/posts\/68975\/revisions\/68976"}],"wp:attachment":[{"href":"https:\/\/www.elsindical.com.ar\/notas\/wp-json\/wp\/v2\/media?parent=68975"}],"wp:term":[{"taxonomy":"category","embeddable":true,"href":"https:\/\/www.elsindical.com.ar\/notas\/wp-json\/wp\/v2\/categories?post=68975"},{"taxonomy":"post_tag","embeddable":true,"href":"https:\/\/www.elsindical.com.ar\/notas\/wp-json\/wp\/v2\/tags?post=68975"}],"curies":[{"name":"wp","href":"https:\/\/api.w.org\/{rel}","templated":true}]}}