{"id":68972,"date":"2017-06-13T15:03:37","date_gmt":"2017-06-13T18:03:37","guid":{"rendered":"http:\/\/www.elsindical.com.ar\/notas\/?p=68972"},"modified":"2017-06-13T15:03:37","modified_gmt":"2017-06-13T18:03:37","slug":"accionan-judicialmente-contra-enacom-por-incumplimiento-de-cuota-de-pantalla-de-peliculas-en-la-tv","status":"publish","type":"post","link":"https:\/\/www.elsindical.com.ar\/notas\/accionan-judicialmente-contra-enacom-por-incumplimiento-de-cuota-de-pantalla-de-peliculas-en-la-tv\/","title":{"rendered":"Accionan judicialmente contra ENACOM por incumplimiento de cuota de pantalla de pel\u00edculas en la TV"},"content":{"rendered":"<p><em>\u00a0\u00a0 <a href=\"http:\/\/www.elsindical.com.ar\/notas\/var\/www\/html\/notas\/wp-content\/uploads\/2017\/06\/ENACOM.jpg\"><img loading=\"lazy\" decoding=\"async\" class=\"alignnone size-medium wp-image-68973\" src=\"http:\/\/www.elsindical.com.ar\/notas\/var\/www\/html\/notas\/wp-content\/uploads\/2017\/06\/ENACOM-300x186.jpg\" alt=\"\" width=\"300\" height=\"186\" srcset=\"https:\/\/www.elsindical.com.ar\/notas\/var\/www\/html\/notas\/wp-content\/uploads\/2017\/06\/ENACOM-300x186.jpg 300w, https:\/\/www.elsindical.com.ar\/notas\/var\/www\/html\/notas\/wp-content\/uploads\/2017\/06\/ENACOM-483x300.jpg 483w, https:\/\/www.elsindical.com.ar\/notas\/var\/www\/html\/notas\/wp-content\/uploads\/2017\/06\/ENACOM.jpg 531w\" sizes=\"auto, (max-width: 300px) 100vw, 300px\" \/><\/a>M\u00e1s de cincuenta referentes de la cultura y la comunicaci\u00f3n, periodistas, cineastas y diputados nacionales, participan con la diputada Liliana Mazure en una acci\u00f3n de amparo contra el Ente Nacional de Comunicaciones (ENACOM) por el flagrante incumplimiento a la garant\u00eda de emisi\u00f3n de pel\u00edculas nacionales y telefilmes producidos por productoras independientes nacionales, de acuerdo a lo obligado por la Ley de Servicios de Comunicaci\u00f3n Audiovisual vigente.<\/em><\/p>\n<p>La denuncia, suscripta entre otros por el Presidente de la DAC (Directores Argentinos Cinematogr\u00e1ficos), Domingo Galettini, por Luis Puenzo, David \u201cCoco\u201d Blaustein y Marcelo Pi\u00f1eyro y Julieta Laborde, junto a los diputados Liliana Mazure, Carlos Castagneto, Marcos Cleri, Eduardo Seminara y Adri\u00e1n Grana, del Frente para la Victoria, fue presentada el 7 de junio pasado, y se radic\u00f3 en el Juzgado Nacional de Primera Instancia en lo Contencioso Administrativo Federal N\u00b0 2 Secretar\u00eda N\u00b03. Patrocinan la causa los Dres. Eduardo Barcesat, Ar\u00edstides Corti, y Jorge Cholvis, directivos del Instituto Arturo Sampay.<\/p>\n<p>Tambi\u00e9n se suman en apoyo a esta acci\u00f3n de amparo como adherentes, en nota anexa a la causa, numerosos protagonistas de actividades creativas, period\u00edsticas, sindicales y vinculadas a las industrias culturales, que vienen compartiendo su indignaci\u00f3n ante la ignorancia y desidia del actual Gobierno sobre el cumplimiento de las obligaciones determinadas por Ley de la Naci\u00f3n, y por ello peticionan que la Justicia obligue al Poder Ejecutivo a funcionar acorde al derecho de todos los argentinos.<\/p>\n<p>No respetan a las producciones nacionales<\/p>\n<p>En lo referente al incumplimiento de la cuota de pantalla audiovisual, el propio Jefe de Gabinete de la Naci\u00f3n, Marcos Pe\u00f1a, reconoci\u00f3 en el Informe N\u00b0 99 al Congreso de la Naci\u00f3n de marzo de 2017, un\u202fm\u00ednimo\u202fcumplimiento por parte de los licenciatarios de televisi\u00f3n con relaci\u00f3n al art\u00edculo 67\u00b0\u202fde la Ley\u202fN\u00b0\u202f26522, y las inexistentes\u202factuaciones del ENACOM en el ejercicio de sus deberes de\u202fcontralor y\/o sanci\u00f3n.<\/p>\n<p>Concretamente, se exige que est\u00e9n presentes en todas las pantallas reguladas por la Ley, pel\u00edculas argentinas de estreno en horario central, producidas mayoritariamente por productoras nacionales independientes, \u202fen funci\u00f3n de\u202fpreservar las fuentes de trabajo, la difusi\u00f3n y el financiamiento indirecto de la industria audiovisual.<\/p>\n<p>Por otra parte, resulta evidente el incumplimiento del Gobierno con la determinaci\u00f3n de eventos deportivos y acontecimientos informativos de inter\u00e9s relevante (art. 77 LSCA), y el olvido de programaci\u00f3n para la ni\u00f1ez, del funcionamiento del Directorio de Radio y Televisi\u00f3n Argentina y de los Consejos Federal, Honorario de Medios P\u00fablicos y Asesor de la Infancia y la Adolescencia, adem\u00e1s de la subejecuci\u00f3n de las partidas destinadas al fomento de medios comunitarios, de frontera y Pueblos Originarios.<\/p>\n<p>Sobrevuela a todo esto la derogaci\u00f3n de pautas anticoncentraci\u00f3n y la intervenci\u00f3n institucional mediante Decreto de Necesidad y Urgencia 267\/15 por el cual el Presidente Macri avasall\u00f3 las pol\u00edticas de comunicaci\u00f3n en democracia, situaci\u00f3n denunciada en oportunidades reiteradas por referentes pol\u00edticos e instituciones del sector audiovisual.<\/p>\n<p>Que cumplan la Ley vigente, ampliamente debatida y votada en el Congreso Nacional<\/p>\n<p>El art\u00edculo 67 de la Ley\u202fN\u00b0\u202f26522 de Servicios de Comunicaci\u00f3n Audiovisual\u202fdispone\u202fen forma literal:<\/p>\n<p>\u00abCuota de pantalla del cine y artes audiovisuales nacionales. Los servicios de comunicaci\u00f3n audiovisual que emitan se\u00f1ales de televisi\u00f3n deber\u00e1n cumplir la siguiente cuota de pantalla:<\/p>\n<p>Los licenciatarios de servicios de televisi\u00f3n abierta deber\u00e1n exhibir en estreno televisivo en sus respectivas \u00e1reas de cobertura, y por a\u00f1o calendario, ocho (8) pel\u00edculas de largometraje nacionales, pudiendo optar por incluir en la misma cantidad hasta tres (3) telefilmes nacionales, en ambos casos producidos mayoritariamente por productoras independientes nacionales, cuyos derechos de antena hubieran sido adquiridos con anterioridad a la iniciaci\u00f3n del rodaje.<\/p>\n<p>Todos los licenciatarios de servicios de televisi\u00f3n por suscripci\u00f3n del pa\u00eds y los licenciatarios de servicios de televisi\u00f3n abierta cuya \u00e1rea de cobertura total comprenda menos del veinte por ciento (20%) de la poblaci\u00f3n del pa\u00eds, podr\u00e1n optar por cumplir la cuota de pantalla adquiriendo, con anterioridad al rodaje, derechos de antena de pel\u00edculas nacionales y telefilmes producidos por productoras independientes nacionales, por el valor del cero coma cincuenta por ciento (0,50%) de la facturaci\u00f3n bruta anual del a\u00f1o anterior.<\/p>\n<p>Las se\u00f1ales que no fueren consideradas nacionales,\u202fautorizadas a ser retransmitidas por los servicios de televisi\u00f3n por suscripci\u00f3n, que difundieren programas de ficci\u00f3n en un total superior al cincuenta por ciento (50%) de su programaci\u00f3n diaria, deber\u00e1n destinar el valor del cero coma cincuenta por ciento (0,50%) de la facturaci\u00f3n bruta anual del a\u00f1o anterior a la adquisici\u00f3n, con anterioridad a la iniciaci\u00f3n del rodaje, de derechos de antena de pel\u00edculas nacionales\u00bb.<\/p>\n","protected":false},"excerpt":{"rendered":"<p>\u00a0\u00a0 M\u00e1s de cincuenta referentes de la cultura y la comunicaci\u00f3n, periodistas, cineastas y diputados nacionales, participan con la diputada Liliana Mazure en una acci\u00f3n de amparo contra el Ente Nacional de Comunicaciones (ENACOM) por el flagrante incumplimiento a la garant\u00eda de emisi\u00f3n de pel\u00edculas nacionales y telefilmes producidos por productoras independientes nacionales, de acuerdo&hellip;<\/p>\n","protected":false},"author":1,"featured_media":0,"comment_status":"open","ping_status":"open","sticky":false,"template":"","format":"standard","meta":{"footnotes":""},"categories":[6],"tags":[23821,175,24032,3365],"class_list":["post-68972","post","type-post","status-publish","format-standard","hentry","category-denuncias","tag-dac","tag-denuncia","tag-enacom","tag-incumplimiento"],"_links":{"self":[{"href":"https:\/\/www.elsindical.com.ar\/notas\/wp-json\/wp\/v2\/posts\/68972","targetHints":{"allow":["GET"]}}],"collection":[{"href":"https:\/\/www.elsindical.com.ar\/notas\/wp-json\/wp\/v2\/posts"}],"about":[{"href":"https:\/\/www.elsindical.com.ar\/notas\/wp-json\/wp\/v2\/types\/post"}],"author":[{"embeddable":true,"href":"https:\/\/www.elsindical.com.ar\/notas\/wp-json\/wp\/v2\/users\/1"}],"replies":[{"embeddable":true,"href":"https:\/\/www.elsindical.com.ar\/notas\/wp-json\/wp\/v2\/comments?post=68972"}],"version-history":[{"count":1,"href":"https:\/\/www.elsindical.com.ar\/notas\/wp-json\/wp\/v2\/posts\/68972\/revisions"}],"predecessor-version":[{"id":68974,"href":"https:\/\/www.elsindical.com.ar\/notas\/wp-json\/wp\/v2\/posts\/68972\/revisions\/68974"}],"wp:attachment":[{"href":"https:\/\/www.elsindical.com.ar\/notas\/wp-json\/wp\/v2\/media?parent=68972"}],"wp:term":[{"taxonomy":"category","embeddable":true,"href":"https:\/\/www.elsindical.com.ar\/notas\/wp-json\/wp\/v2\/categories?post=68972"},{"taxonomy":"post_tag","embeddable":true,"href":"https:\/\/www.elsindical.com.ar\/notas\/wp-json\/wp\/v2\/tags?post=68972"}],"curies":[{"name":"wp","href":"https:\/\/api.w.org\/{rel}","templated":true}]}}