{"id":68950,"date":"2017-06-13T10:47:17","date_gmt":"2017-06-13T13:47:17","guid":{"rendered":"http:\/\/www.elsindical.com.ar\/notas\/?p=68950"},"modified":"2017-06-13T10:47:17","modified_gmt":"2017-06-13T13:47:17","slug":"efemerides-del-dia-13-de-junio-4","status":"publish","type":"post","link":"https:\/\/www.elsindical.com.ar\/notas\/efemerides-del-dia-13-de-junio-4\/","title":{"rendered":"EFEM\u00c9RIDES: DEL D\u00cdA 13 DE JUNIO"},"content":{"rendered":"<p> D\u00eda del Escritor (en Argentina)<\/p>\n<p>\u2013 D\u00eda Internacional de Sensibilizaci\u00f3n sobre el Albinismo<\/p>\n<p>0823 \u2013 Nace Carlos II, rey de Francia.<\/p>\n<p>1373 \u2013 Se firma el primer tratado de alianza anglo-portugu\u00e9s.<\/p>\n<p>1562 \u2013 El capit\u00e1n Juan Jufr\u00e9 funda San Juan de la Frontera.<\/p>\n<p>1611 \u2013 El astr\u00f3nomo holand\u00e9s David Fabricius observa por primera vez manchas en el sol.<\/p>\n<p>1763 \u2013 Nace Jos\u00e9 Bonifacio de Andrade y Silva, padre de la independencia de Brasil.<\/p>\n<p>1777 \u2013 El Marqu\u00e9s de Lafayette llega a los Estados Unidos.<\/p>\n<p>1777 \u2013 Nace Antonio Gonz\u00e1lez Balcarce, militar y pol\u00edtico argentino.<\/p>\n<p>1855 \u2013 Premiere de la \u00f3pera \u201cI Vespri Siciliani\u201d en Par\u00eds.<\/p>\n<p>1859 \u2013 El presidente de M\u00e9xico, Benito Ju\u00e1rez, declara propiedad nacional todos los bienes de la Iglesia.<\/p>\n<p>1865 \u2013 Nace el poeta William Butler Yeats.<\/p>\n<p>1870 \u2013 Se crea por decreto la Escuela Normal de Paran\u00e1.<\/p>\n<p>1874 \u2013 Nace Leopoldo Lugones, poeta y periodista argentino.<\/p>\n<p>1886 \u2013 Muere Ludwig II de Bavaria.<\/p>\n<p>1888 \u2013 Nace Fernando Pessoa, escritor portugu\u00e9s.<\/p>\n<p>1895 \u2013 Camile Levassor gana la primera carrera automovil\u00edstica Par\u00eds-Bordeaux-Par\u00eds.<\/p>\n<p>1897 \u2013 Nace Paavo Nurmi, atleta finland\u00e9s.<\/p>\n<p>1897 \u2013 Aparece en Buenos Aires \u201cLa Protesta Humana\u201d, peri\u00f3dico anarquista. Desde 1904 sali\u00f3 como \u201cLa Protesta\u201d.<\/p>\n<p>1899 \u2013 Nace Carlos Ch\u00e1vez, compositor y director de orquesta mexicano.<\/p>\n<p>1900 \u2013 Estalla en China la rebeli\u00f3n boxer contra extranjeros y cristianos.<\/p>\n<p>1901 \u2013 Muere Leopoldo Alas, \u201cClar\u00edn\u201d, escritor espa\u00f1ol.<\/p>\n<p>1904 \u2013 Manuel Quintana es elegido presidente de Argentina.<\/p>\n<p>1905 \u2013 Graves inundaciones en las provincias argentinas de Santa Fe, Entre R\u00edos, Chaco y Formosa.<\/p>\n<p>1910 \u2013 Nace Gonzalo Torrente Ballester, escritor espa\u00f1ol.<\/p>\n<p>1912 \u2013 Se funda el Swansea City Ass. Football Club, de Gales.<\/p>\n<p>1917 \u2013 Nace Augusto Roa Bastos, escritor de origen paraguayo nacionalizado espa\u00f1ol.<\/p>\n<p>1920 \u2013 Estalla una bomba en el Teatro Nacional de La Habana durante la representaci\u00f3n de \u201cAida\u201d, en la que interven\u00eda el tenor Enrico Caruso.<\/p>\n<p>1926 \u2013 Nace Dalmiro S\u00e1enz, escritor argentino.<\/p>\n<p>1932 \u2013 Nace Antonio Roma, arquero del f\u00fatbol argentino.<\/p>\n<p>1934 \u2013 Nace el Gral. Mart\u00edn Antonio Balza, ex jefe del Ej\u00e9rcito argentino.<\/p>\n<p>1935 \u2013 Nace el escultor Christo Javacheff.<\/p>\n<p>1939 \u2013 Llegan a M\u00e9xico 25.000 exiliados espa\u00f1oles.<\/p>\n<p>1944 \u2013 Los nazis lanzan la primera bomba V1 sobre Londres.<\/p>\n<p>1949 \u2013 Publicaci\u00f3n de la novela \u201c1984\u201d, de George Orwell.<\/p>\n<p>1953 \u2013 El presidente colombiano, Laureano G\u00f3mez, es depuesto en un golpe militar dirigido por el general Gustavo Rojas Pinilla.<\/p>\n<p>1956 \u2013 Real Madrid vence a Reims por 4-3 y conquista la primera Copa de Campeones de Europa.<\/p>\n<p>1965 \u2013 Muere el educador Martin Buber, autor religioso jud\u00edo.<\/p>\n<p>1967 \u2013 Se inaugura el Planetario de Buenos Aires.<\/p>\n<p>1971 \u2013 Primer parto de nueve criaturas por una mujer de 29 a\u00f1os, en Sydney (Australia). Todos los beb\u00e9s murieron.<\/p>\n<p>1975 \u2013 El ministro argentino de Bienestar Social, Jos\u00e9 L\u00f3pez Rega, es detenido al intentar salir del pa\u00eds.<\/p>\n<p>1976 \u2013 Militares uruguayos derrocan al presidente Juan Mar\u00eda Bordaberry.<\/p>\n<p>1978 \u2013 Las tropas israel\u00edes evac\u00faan el L\u00edbano.<\/p>\n<p>1982 \u2013 El pr\u00edncipe Fahd sucede a su hermano el rey Jaled en el trono de Arabia Saud\u00ed.<\/p>\n<p>1983 \u2013 Es escubierto en la provincia de Granada un resto del que podr\u00eda ser el hom\u00ednido m\u00e1s antiguo de Eurasia.<\/p>\n<p>1985 \u2013 Se constituye la Uni\u00f3n Nicaraguense Opositora, alianza de los tres principales dirigentes de la \u201ccontra\u201d.<\/p>\n<p>1986 \u2013 Muere Benny Goodman, m\u00fasico.<\/p>\n<p>1987 \u2013 Muere la actriz Geraldine Page.<\/p>\n<p>1990 \u2013 El l\u00edder sudafricano Nelson Mandela pide al Parlamento Europeo ayuda econ\u00f3mica para sufragar los gastos del regreso de 20.000 exiliados pol\u00edticos a su pa\u00eds.<\/p>\n<p>1993 \u2013 Juan Pablo II clausura en Sevilla el XLV Congreso Eucar\u00edstico Internacional.<\/p>\n<p>1994 \u2013 Colombia, M\u00e9xico y Venezuela firman el acuerdo de libre comercio del Grupo de los Tres (G-3), la segunda zona de libre comercio mayor de Am\u00e9rica.<\/p>\n<p>1994 \u2013 XXX Cumbre de la OUA en T\u00fanez, con la participaci\u00f3n oficial de Sud\u00e1frica.<\/p>\n<p>1996 \u2013 El Parlamento de B\u00e9lgica elimina la pena de muerte.<\/p>\n<p>2005 \u2013 En la zona norte de Chile sucede un terremoto de 7.9 grados en la escala de Richter. Afecta principalmente a la ciudad de Iquique y pueblos aleda\u00f1os.<\/p>\n<p>2007 \u2013 Muere N\u00e9stor Rossi, futbolista argentino.<\/p>\n<p>2015 \u2013 Muere Sergio Ren\u00e1n, actor, director de cine, teatro y \u00f3pera argentino.<\/p>\n","protected":false},"excerpt":{"rendered":"<p>D\u00eda del Escritor (en Argentina) \u2013 D\u00eda Internacional de Sensibilizaci\u00f3n sobre el Albinismo 0823 \u2013 Nace Carlos II, rey de Francia. 1373 \u2013 Se firma el primer tratado de alianza anglo-portugu\u00e9s. 1562 \u2013 El capit\u00e1n Juan Jufr\u00e9 funda San Juan de la Frontera. 1611 \u2013 El astr\u00f3nomo holand\u00e9s David Fabricius observa por primera vez manchas&hellip;<\/p>\n","protected":false},"author":1,"featured_media":0,"comment_status":"open","ping_status":"open","sticky":false,"template":"","format":"standard","meta":{"footnotes":""},"categories":[14],"tags":[],"class_list":["post-68950","post","type-post","status-publish","format-standard","hentry","category-efemerides"],"_links":{"self":[{"href":"https:\/\/www.elsindical.com.ar\/notas\/wp-json\/wp\/v2\/posts\/68950","targetHints":{"allow":["GET"]}}],"collection":[{"href":"https:\/\/www.elsindical.com.ar\/notas\/wp-json\/wp\/v2\/posts"}],"about":[{"href":"https:\/\/www.elsindical.com.ar\/notas\/wp-json\/wp\/v2\/types\/post"}],"author":[{"embeddable":true,"href":"https:\/\/www.elsindical.com.ar\/notas\/wp-json\/wp\/v2\/users\/1"}],"replies":[{"embeddable":true,"href":"https:\/\/www.elsindical.com.ar\/notas\/wp-json\/wp\/v2\/comments?post=68950"}],"version-history":[{"count":1,"href":"https:\/\/www.elsindical.com.ar\/notas\/wp-json\/wp\/v2\/posts\/68950\/revisions"}],"predecessor-version":[{"id":68951,"href":"https:\/\/www.elsindical.com.ar\/notas\/wp-json\/wp\/v2\/posts\/68950\/revisions\/68951"}],"wp:attachment":[{"href":"https:\/\/www.elsindical.com.ar\/notas\/wp-json\/wp\/v2\/media?parent=68950"}],"wp:term":[{"taxonomy":"category","embeddable":true,"href":"https:\/\/www.elsindical.com.ar\/notas\/wp-json\/wp\/v2\/categories?post=68950"},{"taxonomy":"post_tag","embeddable":true,"href":"https:\/\/www.elsindical.com.ar\/notas\/wp-json\/wp\/v2\/tags?post=68950"}],"curies":[{"name":"wp","href":"https:\/\/api.w.org\/{rel}","templated":true}]}}