{"id":68947,"date":"2017-06-12T19:57:44","date_gmt":"2017-06-12T22:57:44","guid":{"rendered":"http:\/\/www.elsindical.com.ar\/notas\/?p=68947"},"modified":"2017-06-12T19:57:44","modified_gmt":"2017-06-12T22:57:44","slug":"liberaron-a-higui-la-mujer-que-mato-para-que-no-la-violaran","status":"publish","type":"post","link":"https:\/\/www.elsindical.com.ar\/notas\/liberaron-a-higui-la-mujer-que-mato-para-que-no-la-violaran\/","title":{"rendered":"Liberaron a Higui, la mujer que mat\u00f3 para que no la violaran"},"content":{"rendered":"<p><em><strong>\u00a0 <a href=\"http:\/\/www.elsindical.com.ar\/notas\/var\/www\/html\/notas\/wp-content\/uploads\/2017\/06\/Higui.jpg\"><img loading=\"lazy\" decoding=\"async\" class=\"alignnone size-medium wp-image-68948\" src=\"http:\/\/www.elsindical.com.ar\/notas\/var\/www\/html\/notas\/wp-content\/uploads\/2017\/06\/Higui-300x158.jpg\" alt=\"\" width=\"300\" height=\"158\" srcset=\"https:\/\/www.elsindical.com.ar\/notas\/var\/www\/html\/notas\/wp-content\/uploads\/2017\/06\/Higui-300x158.jpg 300w, https:\/\/www.elsindical.com.ar\/notas\/var\/www\/html\/notas\/wp-content\/uploads\/2017\/06\/Higui-500x263.jpg 500w, https:\/\/www.elsindical.com.ar\/notas\/var\/www\/html\/notas\/wp-content\/uploads\/2017\/06\/Higui.jpg 680w\" sizes=\"auto, (max-width: 300px) 100vw, 300px\" \/><\/a>Eva Anal\u00eda de Jes\u00fas<\/strong> fue excarcelada luego de ocho meses en prisi\u00f3n preventiva por el asesinato de uno se los hombres que quiso someterla sexualmente por ser lesbiana. El hecho hab\u00eda ocurrido en\u00a0Bella Vista.<\/em><\/p>\n<p>La C\u00e1mara de Apelaciones de San Mart\u00edn dispuso la \u201c<em>excarcelaci\u00f3n extraordinaria\u201d<\/em> de <strong>Eva Anal\u00eda De Jes\u00fas<\/strong>, alias<em> \u201cHigui\u201d<\/em>, una mujer que llevaba ocho meses en prisi\u00f3n preventiva por haber matado de un cuchillazo a uno de los integrantes de una patota que intent\u00f3 violarla por ser lesbiana.<\/p>\n<p>Fuentes judiciales informaron hoy que los camaristas<strong> Carlos Julio Hermelo<\/strong> y <strong>Patricia Cecilia Toscano <\/strong>se pronunciaron a favor de dejar en libertad<em> \u201cbajo cauci\u00f3n juratoria\u201d <\/em>a De Jes\u00fas, de 43 a\u00f1os, que estaba detenida en el penal del partido bonaerense de Magdalena.<\/p>\n<p>La libertad de <em>\u201cHigui\u201d,<\/em> apodada as\u00ed por haber jugado al f\u00fatbol en el puesto de arquera y guardar un parecido f\u00edsico con el ex guardameta colombiano <strong>Ren\u00e9 Higuita<\/strong>, era reclamada por varios colectivos de mujeres, entre ellos,<em> \u201cNi una menos\u201d.<\/em><\/p>\n<p>De Jes\u00fas fue agredida por varios hombres, el 16 de octubre de 2016 en una casa de la localidad de Bella Vista y, seg\u00fan el relato que hizo despu\u00e9s a la polic\u00eda, uno de ellos le dijo: \u201c<em>Te voy a hacer sentir mujer, forra, lesbiana\u201d.<\/em><\/p>\n<p>Y asegur\u00f3 que cuando uno de ellos, Cristian Rub\u00e9n Esp\u00f3sito, le arranc\u00f3 el pantal\u00f3n e intent\u00f3 violarla, ella extrajo un pu\u00f1al y se lo clav\u00f3 en el pecho, causando una herida que horas despu\u00e9s le provoc\u00f3 la muerte.<\/p>\n<p>Entonces la mujer fue detenida y recluida en la comisar\u00eda de Bella Vista bajo el cargo de<em> \u201chomicidio simple\u201d.<\/em><\/p>\n<p>La abogada defensora, <strong>Raquel Hermida Leyenda<\/strong>, hab\u00eda mantenido la semana pasada una audiencia con los camaristas y fundamentado verbalmente el pedido de excarcelaci\u00f3n de<em> \u201cHigui\u201d.<\/em><\/p>\n<p><em>\u201cEste fallo modifica la Historia\u201d<\/em>, afirm\u00f3 la letrada al conocer la noticia, en declaraciones a Cr\u00f3nica TV, y consider\u00f3 que \u201c<em>esto no se llama Higui, se llama lucha de muchos a\u00f1os de las mujeres en contra de una Justicia patriarcal y machista\u201d.<\/em><\/p>\n<p>Para la defensora, a su clienta <em>\u201cla hab\u00edan puesto en prisi\u00f3n preventiva \u201cpor ser lesbiana\u201d<\/em> as\u00ed como<em> \u201cporque (antes) hubo una mala defensa\u201d<\/em> y <em>\u201chay violencia institucional constante contra las mujeres\u201d.<\/em><\/p>\n<p>Hermida Leyenda dio por descontado que el caso ser\u00e1 encuadrado en un juicio oral como<em> \u201cleg\u00edtima defensa<\/em>\u201d pues, argument\u00f3, \u201c<em>siempre pensamos que pod\u00edamos defender si roban la casa y el auto pero nunca si se met\u00edan en nuestro cuerpo\u201d.<\/em><\/p>\n","protected":false},"excerpt":{"rendered":"<p>\u00a0 Eva Anal\u00eda de Jes\u00fas fue excarcelada luego de ocho meses en prisi\u00f3n preventiva por el asesinato de uno se los hombres que quiso someterla sexualmente por ser lesbiana. El hecho hab\u00eda ocurrido en\u00a0Bella Vista. La C\u00e1mara de Apelaciones de San Mart\u00edn dispuso la \u201cexcarcelaci\u00f3n extraordinaria\u201d de Eva Anal\u00eda De Jes\u00fas, alias \u201cHigui\u201d, una mujer&hellip;<\/p>\n","protected":false},"author":1,"featured_media":0,"comment_status":"open","ping_status":"open","sticky":false,"template":"","format":"standard","meta":{"footnotes":""},"categories":[20],"tags":[26185,26187,26186,271],"class_list":["post-68947","post","type-post","status-publish","format-standard","hentry","category-judiciales","tag-eva-analia-de-jesus","tag-raquel-hermida-leyenda","tag-rene-higuita","tag-violacion"],"_links":{"self":[{"href":"https:\/\/www.elsindical.com.ar\/notas\/wp-json\/wp\/v2\/posts\/68947","targetHints":{"allow":["GET"]}}],"collection":[{"href":"https:\/\/www.elsindical.com.ar\/notas\/wp-json\/wp\/v2\/posts"}],"about":[{"href":"https:\/\/www.elsindical.com.ar\/notas\/wp-json\/wp\/v2\/types\/post"}],"author":[{"embeddable":true,"href":"https:\/\/www.elsindical.com.ar\/notas\/wp-json\/wp\/v2\/users\/1"}],"replies":[{"embeddable":true,"href":"https:\/\/www.elsindical.com.ar\/notas\/wp-json\/wp\/v2\/comments?post=68947"}],"version-history":[{"count":1,"href":"https:\/\/www.elsindical.com.ar\/notas\/wp-json\/wp\/v2\/posts\/68947\/revisions"}],"predecessor-version":[{"id":68949,"href":"https:\/\/www.elsindical.com.ar\/notas\/wp-json\/wp\/v2\/posts\/68947\/revisions\/68949"}],"wp:attachment":[{"href":"https:\/\/www.elsindical.com.ar\/notas\/wp-json\/wp\/v2\/media?parent=68947"}],"wp:term":[{"taxonomy":"category","embeddable":true,"href":"https:\/\/www.elsindical.com.ar\/notas\/wp-json\/wp\/v2\/categories?post=68947"},{"taxonomy":"post_tag","embeddable":true,"href":"https:\/\/www.elsindical.com.ar\/notas\/wp-json\/wp\/v2\/tags?post=68947"}],"curies":[{"name":"wp","href":"https:\/\/api.w.org\/{rel}","templated":true}]}}