{"id":68941,"date":"2017-06-12T08:24:22","date_gmt":"2017-06-12T11:24:22","guid":{"rendered":"http:\/\/www.elsindical.com.ar\/notas\/?p=68941"},"modified":"2017-06-12T08:24:22","modified_gmt":"2017-06-12T11:24:22","slug":"lomas-de-zamora-inseguridad-y-operaciones-politicas","status":"publish","type":"post","link":"https:\/\/www.elsindical.com.ar\/notas\/lomas-de-zamora-inseguridad-y-operaciones-politicas\/","title":{"rendered":"Lomas de Zamora: Inseguridad y operaciones pol\u00edticas"},"content":{"rendered":"<p><em><a href=\"http:\/\/www.elsindical.com.ar\/notas\/var\/www\/html\/notas\/wp-content\/uploads\/2017\/06\/municipio-lomas-de-zamora.jpg\"><img loading=\"lazy\" decoding=\"async\" class=\"alignnone size-medium wp-image-68942\" src=\"http:\/\/www.elsindical.com.ar\/notas\/var\/www\/html\/notas\/wp-content\/uploads\/2017\/06\/municipio-lomas-de-zamora-300x225.jpg\" alt=\"\" width=\"300\" height=\"225\" srcset=\"https:\/\/www.elsindical.com.ar\/notas\/var\/www\/html\/notas\/wp-content\/uploads\/2017\/06\/municipio-lomas-de-zamora-300x225.jpg 300w, https:\/\/www.elsindical.com.ar\/notas\/var\/www\/html\/notas\/wp-content\/uploads\/2017\/06\/municipio-lomas-de-zamora-400x300.jpg 400w, https:\/\/www.elsindical.com.ar\/notas\/var\/www\/html\/notas\/wp-content\/uploads\/2017\/06\/municipio-lomas-de-zamora.jpg 638w\" sizes=\"auto, (max-width: 300px) 100vw, 300px\" \/><\/a>\u00a0\u00a0 Los \u00faltimos hechos de inseguridad que por su gravedad trascendieron en los medios de prensa, han sido la oportunidad para fogonear operaciones pol\u00edticas y as\u00ed distraer la atenci\u00f3n de los vecinos respecto a un incremento del delito en la provincia de Buenos Aires.<\/em><\/p>\n<p>Han vuelto los secuestros express, los robos violentos y si bien los medios han focalizado la atenci\u00f3n en Lomas de Zamora, han ocurrido asesinatos en Quilmes e intentos de secuestros en Lan\u00fas que pasaron sin mayor difusi\u00f3n por estar todo centralizado en Lomas de Zamora.<\/p>\n<p>Que ahora pol\u00edticos como Massa hablen de que la seguridad en Lomas de Zamora fracaso, no es una novedad, hace muchos a\u00f1os que Lomas de Zamora, es un partido bajo sospechas de corrupci\u00f3n pol\u00edtica, judicial y policial, pero lo que resulta peligroso es que con la sangre de las v\u00edctimas se haga pol\u00edtica, pero mucho peor que por algunos efectivos policiales detectados como corruptos se ponga bajo la lupa el trabajo del resto de los polic\u00edas, m\u00e1s a\u00fan que cualquiera opine c\u00f3mo deben actuar cuando no tienen el m\u00ednimo de experiencia para hacerlo.<\/p>\n<p>Es innegable que existe efectivos vinculados a hechos de corrupci\u00f3n, pero a pesar que a algunos se los aparta de la fuerza o se los detiene, no ocurre lo mismo con funcionarios judiciales y pol\u00edticos vinculados a los mismos hechos, entonces lo que ocurre es que cambiamos a uno de los responsables y el resto sigue impune y fortalecido, as\u00ed nada cambia y la \u00fanica variable termina siendo la polic\u00eda, la que debe obedecer las ordenes judiciales y pol\u00edticas, \u00bfse entiende?.<\/p>\n<p>Si bien Lomas de Zamora es un partido que registra un \u00edndice elevado de delitos, hay que opinar con criterio y entender que se trata de un partido amplio, con un territorio extenso que lo lleva a ser uno de los partidos donde por ejemplo la polic\u00eda se encuentra dividida en dos Jefaturas Distritales, Sur y Norte.<\/p>\n<p>No se trata de un partido cualquiera, es un basti\u00f3n siempre codiciado desde lo pol\u00edtico y desde el plano judicial, ha dado a la pol\u00edtica nacional varios funcionarios, posee uno de los negocios m\u00e1s rentables de Latinoam\u00e9rica con la denominada Feria de La Salada y diferentes personajes suelen operar pol\u00edticamente para capitalizar cualquier tipo de representaci\u00f3n.<\/p>\n<p>No es una tarea sencilla la de la polic\u00eda en un territorio netamente pol\u00edtico y tan vinculado al ambiente judicial, personalmente me ha tocado cubrir reuniones de vecinos reclamando justicia y escuchar de los propios vecinos que el reproche no era al personal policial, sino a las demoras de los funcionarios judiciales en tratar las causas con celeridad.<\/p>\n<p>En cuanto a la prevenci\u00f3n, muchos suelen aprovechar la sensibilidad que provocan hechos como el asesinato de Agust\u00edn en Villa Centenario para hacer reclamos imposibles de satisfacer a todos los vecinos no solo de Lomas de Zamora sino de cualquier partido que se quiera blindar o saturar con presencia policial, porque la comisi\u00f3n de los delitos no es una cuesti\u00f3n de poner un patrullero por manzana o un polic\u00eda por cuadra.<\/p>\n<p>A veces algunos se dan cuenta de que la prevenci\u00f3n de los delitos pasa tambi\u00e9n por el trabajo judicial mal hecho, donde delincuentes entran y salen sin sanciones que pueden demorar a\u00f1os hasta una condena, entonces el delincuente no teme reincidir sabiendo que el castigo puede llegar a\u00f1os despu\u00e9s y generalmente estos viven el hoy.<\/p>\n<p>Desde hace muchos a\u00f1os, cuando alg\u00fan agitador propon\u00eda destru\u00edr alguna comisar\u00eda de Avellaneda, advert\u00eda de los riesgos negativos para los vecinos de dejarse llevar por personajes que solo buscan lucrar con el dolor, provocar reacciones de polic\u00edas, da\u00f1ar un patrullero o la comisar\u00eda no mejora nunca la seguridad, tampoco ha sido una soluci\u00f3n los pedidos de cambio de jefes policiales, porque lo correcto ser\u00eda que el jefe que este trabaje, si no lo hace se hagan las denuncias correspondientes no para que lo cambien, sino para que lo desafecten, de lo contrario se genera una calesita sin sentido donde rotan buenos y malos efectivos, siendo una perinola que perjudicar\u00e1 a unos y beneficiar\u00e1 a otros.<\/p>\n<p>No creo en aquellos que promueven marchas, escraches y operaciones medi\u00e1ticas pero que nunca han puesto su firma en una denuncia, mucho menos cuando suelen aparecer en meses anteriores a una elecci\u00f3n y luego desaparecen de acci\u00f3n a\u00fan ante nuevos hechos de inseguridad.<\/p>\n<p>Tengo la plena convicci\u00f3n de que Insaurralde no ha tenido ni tiene un plan de seguridad eficiente como no lo tiene Grindetti y mucho menos Martiniano Molina o si vamos a hilar fino ni siquiera Cristian Ritondo, desde el momento que en la provincia en su conjunto el delito ha recrudecido.<\/p>\n<p>Existe una hipocres\u00eda social enorme, cuando muchos sin saber cu\u00e1ntas horas trabaja un polic\u00eda salen a insultar a todos por el solo hecho de ser polic\u00edas, desconocen las presiones que hora a hora tiene un polic\u00eda que a mayor responsabilidad mayor es la presi\u00f3n y con m\u00e1s peso los que presionan.<\/p>\n<p>En el \u00faltimo hecho del secuestro del matrimonio de Villa Galicia en Temperley, sin conocer los hechos un sector de la prensa conjeturaba si la polic\u00eda actu\u00f3 bien, si no murieron por disparos policiales y tal vez, si la polic\u00eda no persegu\u00eda a los delincuentes esos mismos periodistas hoy estar\u00edan hablando de complicidad y corrupci\u00f3n policial. Los propios periodistas en el lugar pudieron observar que el motivo del choque de los delincuentes fue el estado de la calle, responsabilidad del municipio, pero tambi\u00e9n un hecho posible de quien conduzca a alta velocidad.<\/p>\n<p>Para hacer una critica correcta hay que informarse, conocer los hechos, no conjeturar desde el susurro pol\u00edtico y ser objetivos, tambi\u00e9n tener la valent\u00eda de no ser parte de lo que se denuncia se conoce y hacer la denuncia donde corresponde, muchas veces se juzga desde las redes a quienes no han tenido responsabilidad alguna en un hecho y se deja de lado a los verdaderos responsables.<\/p>\n<p>Como sociedad tenemos que definir que polic\u00eda queremos, porque hay que conocer los recursos con los que cuenta, el respaldo que tienen para su trabajo y entender que confrontar por confrontar no mejora nada.<\/p>\n<p>&nbsp;<\/p>\n<p><em><strong>Por Marcelo Ricardo Hawrylciw<\/strong><\/em><\/p>\n<p>&nbsp;<\/p>\n","protected":false},"excerpt":{"rendered":"<p>\u00a0\u00a0 Los \u00faltimos hechos de inseguridad que por su gravedad trascendieron en los medios de prensa, han sido la oportunidad para fogonear operaciones pol\u00edticas y as\u00ed distraer la atenci\u00f3n de los vecinos respecto a un incremento del delito en la provincia de Buenos Aires. Han vuelto los secuestros express, los robos violentos y si bien&hellip;<\/p>\n","protected":false},"author":1,"featured_media":0,"comment_status":"open","ping_status":"open","sticky":false,"template":"","format":"standard","meta":{"footnotes":""},"categories":[10],"tags":[22020,984,41,744,3926,22025,514],"class_list":["post-68941","post","type-post","status-publish","format-standard","hentry","category-editorial","tag-denuncias","tag-inseguridad","tag-justicia","tag-lomas-de-zamora","tag-marchas","tag-politica","tag-reclamos"],"_links":{"self":[{"href":"https:\/\/www.elsindical.com.ar\/notas\/wp-json\/wp\/v2\/posts\/68941","targetHints":{"allow":["GET"]}}],"collection":[{"href":"https:\/\/www.elsindical.com.ar\/notas\/wp-json\/wp\/v2\/posts"}],"about":[{"href":"https:\/\/www.elsindical.com.ar\/notas\/wp-json\/wp\/v2\/types\/post"}],"author":[{"embeddable":true,"href":"https:\/\/www.elsindical.com.ar\/notas\/wp-json\/wp\/v2\/users\/1"}],"replies":[{"embeddable":true,"href":"https:\/\/www.elsindical.com.ar\/notas\/wp-json\/wp\/v2\/comments?post=68941"}],"version-history":[{"count":1,"href":"https:\/\/www.elsindical.com.ar\/notas\/wp-json\/wp\/v2\/posts\/68941\/revisions"}],"predecessor-version":[{"id":68943,"href":"https:\/\/www.elsindical.com.ar\/notas\/wp-json\/wp\/v2\/posts\/68941\/revisions\/68943"}],"wp:attachment":[{"href":"https:\/\/www.elsindical.com.ar\/notas\/wp-json\/wp\/v2\/media?parent=68941"}],"wp:term":[{"taxonomy":"category","embeddable":true,"href":"https:\/\/www.elsindical.com.ar\/notas\/wp-json\/wp\/v2\/categories?post=68941"},{"taxonomy":"post_tag","embeddable":true,"href":"https:\/\/www.elsindical.com.ar\/notas\/wp-json\/wp\/v2\/tags?post=68941"}],"curies":[{"name":"wp","href":"https:\/\/api.w.org\/{rel}","templated":true}]}}