{"id":68922,"date":"2017-06-11T15:47:40","date_gmt":"2017-06-11T18:47:40","guid":{"rendered":"http:\/\/www.elsindical.com.ar\/notas\/?p=68922"},"modified":"2017-06-11T15:47:40","modified_gmt":"2017-06-11T18:47:40","slug":"aumentaron-las-personas-en-situacion-de-calle-en-la-ciudad-de-buenos-aires","status":"publish","type":"post","link":"https:\/\/www.elsindical.com.ar\/notas\/aumentaron-las-personas-en-situacion-de-calle-en-la-ciudad-de-buenos-aires\/","title":{"rendered":"Aumentaron las personas en situaci\u00f3n de calle en la Ciudad de Buenos Aires"},"content":{"rendered":"<p><em>\u00a0\u00a0 <a href=\"http:\/\/www.elsindical.com.ar\/notas\/var\/www\/html\/notas\/wp-content\/uploads\/2017\/06\/indigente-ciudad.jpg\"><img loading=\"lazy\" decoding=\"async\" class=\"alignnone size-medium wp-image-68923\" src=\"http:\/\/www.elsindical.com.ar\/notas\/var\/www\/html\/notas\/wp-content\/uploads\/2017\/06\/indigente-ciudad-300x169.jpg\" alt=\"\" width=\"300\" height=\"169\" srcset=\"https:\/\/www.elsindical.com.ar\/notas\/var\/www\/html\/notas\/wp-content\/uploads\/2017\/06\/indigente-ciudad-300x169.jpg 300w, https:\/\/www.elsindical.com.ar\/notas\/var\/www\/html\/notas\/wp-content\/uploads\/2017\/06\/indigente-ciudad-500x282.jpg 500w, https:\/\/www.elsindical.com.ar\/notas\/var\/www\/html\/notas\/wp-content\/uploads\/2017\/06\/indigente-ciudad.jpg 738w\" sizes=\"auto, (max-width: 300px) 100vw, 300px\" \/><\/a>La poblaci\u00f3n en situaci\u00f3n de calle en la Ciudad aument\u00f3 entre un 20 y un 40 por ciento en lo que va de 2016 respecto del a\u00f1o 2015 seg\u00fan las organizaciones que trabajan con la problem\u00e1tica.<\/em><\/p>\n<p>La poblaci\u00f3n en situaci\u00f3n de calle en la Ciudad de Buenos Aires aument\u00f3 entre un 20 y un 40 por ciento en lo que va de 2016 respecto del a\u00f1o 2015 seg\u00fan las organizaciones que trabajan con la problem\u00e1tica, en tanto desde el Gobierno porte\u00f1o informaron que el promedio de llamados a la l\u00ednea gratuita de asistencia social se increment\u00f3 un 50 por ciento.<\/p>\n<p>\u00abNo nos gusta hablar de n\u00fameros porque una persona que vive en la calle ya es una injusticia. Pero para comprender la magnitud de lo que estamos viendo te describo lo siguiente: nosotros utiliz\u00e1bamos dos heladeras con las que le d\u00e1bamos comida a 80 o 100 personas por noche. Hoy usamos tres, llegamos a dar 140 raciones de comida y no bajamos de las 120\u00bb, describi\u00f3 a T\u00e9lam Carlos Drago de la organizaci\u00f3n Amigos en el Camino.<\/p>\n<p>Cada mi\u00e9rcoles por la noche, Carlos recorre los barrios de Caballito, Paternal, Flores, Agronom\u00eda y Chacarita. \u00abComenzamos en Parque Centenario y terminamos en los alrededores del cementerio. A veces llegamos sin comida a &#8216;Chaca&#8217;, pero vamos igual porque ya hay un v\u00ednculo con las personas, no s\u00f3lo es asistencia material sino que intentamos acompa\u00f1arlo desde otro lugar\u00bb.<\/p>\n<p>Por eso, Carlos y todo el grupo identifica que hay nuevas personas y que \u00abno se trata de poblaci\u00f3n que haya venido de otros barrios, son nuevas en la calle, uno se da cuenta por las costumbres, el vocabulario, la vestimenta, son personas que se quedaron sin laburo, les aument\u00f3 todo y no pudieron pagar m\u00e1s un alquiler o las desalojaron, y muchas son familias\u00bb.<\/p>\n<p>La descripci\u00f3n se repite una y otra vez: \u00abEl viernes conocimos a un matrimonio con una nena de seis a\u00f1os que iban a pasar su primer d\u00eda en la calle. Los desalojaron porque no pagaron el alquiler por segundo mes. La mujer lloraba y me dec\u00eda que se sent\u00eda una mala madre, como si fuera culpa de ella\u00bb, relat\u00f3 por su parte Leandro Castro Vila, de la organizaci\u00f3n Caminantes de Buenos Aires, que trabaja principalmente en el barrio Congreso.<\/p>\n<p>Y continu\u00f3: \u00abA marzo observamos que hab\u00eda un incremento de casi un 30 por ciento en la cantidad de viandas que repart\u00edamos. Hoy perdimos la cuenta porque sumamos un recorrido nuevo, pero estamos elaborando m\u00e1s de 150 viandas, cuando en noviembre hac\u00edamos 100 y nos sobraban\u00bb.<\/p>\n<p>\u00abOtra cosa que vemos que es nueva en casi diez a\u00f1os que hace que trabajamos en la calle es que la gente llega con hambre porque no comi\u00f3 nada en todo el d\u00eda. Antes, pasaban por una panader\u00eda y algo les daban, pero ahora lo que nos cuentan es que los comercios est\u00e1n produciendo menos cantidad y entonces no tienen sobrantes\u00bb, describi\u00f3.<\/p>\n<p>En el mismo sentido, Pablo Gualtieri, de la organizaci\u00f3n \u00abNi una persona m\u00e1s en la calle\u00bb, asegur\u00f3 que \u00abhemos notado que en el \u00faltimo tiempo hay m\u00e1s gente en situaci\u00f3n de calle\u00bb. Desde hace cuatro a\u00f1os, este colectivo recorre tres veces por semana Parque Patricios, Once, San Crist\u00f3bal, y Constituci\u00f3n, visitando unas diez o doce paradas por noche.<\/p>\n<p>\u00abHay otros grupos que trabajaban en otras zonas y tambi\u00e9n lo notan, por ejemplo, tienen que hacer m\u00e1s raciones de comida porque hay m\u00e1s gente en todas las zonas\u00bb, cont\u00f3 Pablo.<\/p>\n<p>Algunas de las historias de estos nuevos \u00abhomeless\u00bb tomaron estado p\u00fablico en los \u00faltimos meses.<\/p>\n<p>En mayo, por ejemplo, se conoci\u00f3 a Ram\u00f3n, un parrillero que se qued\u00f3 sin trabajo y se fue a vivir frente al cine Gaumont (Plaza Congreso), con sus hijos, estudiantes del Colegio Carlos Pellegrini.<\/p>\n<p>El 16 de junio, el diario La Naci\u00f3n public\u00f3 la historia de Antonella, una nena de 11 a\u00f1os que hac\u00eda sus deberes en la calle, en Santa Fe y Coronel D\u00edaz, en pleno Barrio Norte, donde viv\u00eda desde hacia siete meses cuando se padre se qued\u00f3 sin trabajo.<\/p>\n<p>\u00abEn Congreso hemos visto varias familias nuevas. Un relevamiento hecho por la organizaci\u00f3n &#8216;Haciendo L\u00edo&#8217; en mayo arroj\u00f3 que s\u00f3lo en la plaza, que son dos manzanas, viven 250 personas\u00bb, indic\u00f3 por su parte Claudia Enrich, del colectivo Ciudad Sin Techo.<\/p>\n<p>Desde el Ministerio de Desarrollo Humano y H\u00e1bitat porte\u00f1o informaron que en la l\u00ednea 108, un n\u00famero gratuito al que llaman personas en situaci\u00f3n de calle o bien vecinos cuando ven a alguien en situaci\u00f3n de vulnerabilidad, \u00abel a\u00f1o pasado se recibieron un promedio de 200 llamadas diarias y este a\u00f1o unas 300, siempre en el periodo comprendido entre junio y agosto\u00bb.<\/p>\n<p>Seg\u00fan el \u00faltimo censo realizado por la Ciudad de Buenos Aires en abril de este a\u00f1o, en las calles porte\u00f1as duermen cada noche aproximadamente unas 800 personas, estad\u00edstica que se mantiene estable desde hace cinco a\u00f1os.<\/p>\n<p>Sin embargo, la ONG M\u00e9dicos del Mundo asegura que las personas que \u00absobreviven\u00bb en las calles porte\u00f1as son m\u00e1s de 16.000, y las organizaciones toman este n\u00famero en el que se incluye no s\u00f3lo el que est\u00e1 literalmente en calle, sino a toda la poblaci\u00f3n que reside en paradores, recibe subsidios habitacionales o se encuentran en riesgo de desalojo.<\/p>\n<p>Finalmente, el informe del Observatorio de la Deuda Social Argentina de la UCA publicado en abril de 2016, indic\u00f3 que en el primer cuatrimestre de 2016 unas 315.000 personas cayeron en la indigencia en todo el pa\u00eds, y se sumaron 1.400.000 nuevos pobres.<\/p>\n","protected":false},"excerpt":{"rendered":"<p>\u00a0\u00a0 La poblaci\u00f3n en situaci\u00f3n de calle en la Ciudad aument\u00f3 entre un 20 y un 40 por ciento en lo que va de 2016 respecto del a\u00f1o 2015 seg\u00fan las organizaciones que trabajan con la problem\u00e1tica. La poblaci\u00f3n en situaci\u00f3n de calle en la Ciudad de Buenos Aires aument\u00f3 entre un 20 y un&hellip;<\/p>\n","protected":false},"author":1,"featured_media":0,"comment_status":"open","ping_status":"open","sticky":false,"template":"","format":"standard","meta":{"footnotes":""},"categories":[25],"tags":[7036,400,396,1341,1514,8280,1054],"class_list":["post-68922","post","type-post","status-publish","format-standard","hentry","category-sociedad","tag-agronomia","tag-caballito","tag-chacarita","tag-ciudad-de-buenos-aires","tag-flores","tag-indigencia","tag-paternal"],"_links":{"self":[{"href":"https:\/\/www.elsindical.com.ar\/notas\/wp-json\/wp\/v2\/posts\/68922","targetHints":{"allow":["GET"]}}],"collection":[{"href":"https:\/\/www.elsindical.com.ar\/notas\/wp-json\/wp\/v2\/posts"}],"about":[{"href":"https:\/\/www.elsindical.com.ar\/notas\/wp-json\/wp\/v2\/types\/post"}],"author":[{"embeddable":true,"href":"https:\/\/www.elsindical.com.ar\/notas\/wp-json\/wp\/v2\/users\/1"}],"replies":[{"embeddable":true,"href":"https:\/\/www.elsindical.com.ar\/notas\/wp-json\/wp\/v2\/comments?post=68922"}],"version-history":[{"count":1,"href":"https:\/\/www.elsindical.com.ar\/notas\/wp-json\/wp\/v2\/posts\/68922\/revisions"}],"predecessor-version":[{"id":68924,"href":"https:\/\/www.elsindical.com.ar\/notas\/wp-json\/wp\/v2\/posts\/68922\/revisions\/68924"}],"wp:attachment":[{"href":"https:\/\/www.elsindical.com.ar\/notas\/wp-json\/wp\/v2\/media?parent=68922"}],"wp:term":[{"taxonomy":"category","embeddable":true,"href":"https:\/\/www.elsindical.com.ar\/notas\/wp-json\/wp\/v2\/categories?post=68922"},{"taxonomy":"post_tag","embeddable":true,"href":"https:\/\/www.elsindical.com.ar\/notas\/wp-json\/wp\/v2\/tags?post=68922"}],"curies":[{"name":"wp","href":"https:\/\/api.w.org\/{rel}","templated":true}]}}