{"id":68910,"date":"2017-06-11T13:53:21","date_gmt":"2017-06-11T16:53:21","guid":{"rendered":"http:\/\/www.elsindical.com.ar\/notas\/?p=68910"},"modified":"2017-06-11T13:53:21","modified_gmt":"2017-06-11T16:53:21","slug":"avellaneda-lanzaron-el-frente-30-de-marzo","status":"publish","type":"post","link":"https:\/\/www.elsindical.com.ar\/notas\/avellaneda-lanzaron-el-frente-30-de-marzo\/","title":{"rendered":"Avellaneda: Lanzaron el frente \u201c30 de marzo\u201d"},"content":{"rendered":"<p><em>\u00a0\u00a0 <a href=\"http:\/\/www.elsindical.com.ar\/notas\/var\/www\/html\/notas\/wp-content\/uploads\/2017\/06\/frente-30-de-marzo.jpg\"><img loading=\"lazy\" decoding=\"async\" class=\"alignnone size-medium wp-image-68911\" src=\"http:\/\/www.elsindical.com.ar\/notas\/var\/www\/html\/notas\/wp-content\/uploads\/2017\/06\/frente-30-de-marzo-300x141.jpg\" alt=\"\" width=\"300\" height=\"141\" srcset=\"https:\/\/www.elsindical.com.ar\/notas\/var\/www\/html\/notas\/wp-content\/uploads\/2017\/06\/frente-30-de-marzo-300x141.jpg 300w, https:\/\/www.elsindical.com.ar\/notas\/var\/www\/html\/notas\/wp-content\/uploads\/2017\/06\/frente-30-de-marzo-500x234.jpg 500w, https:\/\/www.elsindical.com.ar\/notas\/var\/www\/html\/notas\/wp-content\/uploads\/2017\/06\/frente-30-de-marzo.jpg 640w\" sizes=\"auto, (max-width: 300px) 100vw, 300px\" \/><\/a>Se trata de un espacio integrado por sindicatos y organizaciones pol\u00edticas que apoyan a Cristina Fern\u00e1ndez y Jorge Ferraresi. \u201cNos toca luchar para recuperar los derechos que nos est\u00e1n arrebatando\u201d, se\u00f1alaron.<\/em><\/p>\n<p>\u00abEste espacio reivindica el liderazgo de Cristina Kirchner y la conducci\u00f3n de Jorge Ferraresi en Avellaneda\u00bb, destacaron en el lanzamiento del frente, que tuvo lugar en la Federaci\u00f3n de Sindicatos de Trabajadores Municipales de Buenos Aires.<\/p>\n<p>Esta organizaci\u00f3n est\u00e1 integrada por el Sindicato de Amas de Casa, La Corriente Nacional Mart\u00edn Fierro, Hijos del Pueblo y Trabajadores Municipales en Hijos del Pueblo.<\/p>\n<p>Daniel Aversa expres\u00f3: \u201cSe perdieron muchos derechos en este a\u00f1o y medio, tenemos que dar pelea en la calle y en las urnas con nuestra conductora Cristina Kirchner y reivindicando en Avellaneda al compa\u00f1ero Jorge Ferraresi\u201d.<\/p>\n<p>Marcela Caiafa, del Sindicato de Amas de Casa, recalc\u00f3: \u201cTuvimos un momento de esplendor en el Gobierno de N\u00e9stor y Cristina, hoy nos toca luchar para recuperar los derechos que nos est\u00e1n arrebatando y solo es posible si todos estamos unidos\u201d.<\/p>\n<p>Del acto tambi\u00e9n particip\u00f3 el secretario General de la Corriente Nacional Mart\u00edn Fierro, Jorge \u201cKito\u201d Arag\u00f3n. Adem\u00e1s, asistieron Nahuel Beibe de la Mart\u00edn Fierro de Avellaneda, el presidente del Consejo Escolar, Fabi\u00e1n D\u00edaz; y el secretario Gral de la Uocra Avellaneda-Lan\u00fas, H\u00e9ctor Villagra, entre otros dirigentes y concejales.<\/p>\n","protected":false},"excerpt":{"rendered":"<p>\u00a0\u00a0 Se trata de un espacio integrado por sindicatos y organizaciones pol\u00edticas que apoyan a Cristina Fern\u00e1ndez y Jorge Ferraresi. \u201cNos toca luchar para recuperar los derechos que nos est\u00e1n arrebatando\u201d, se\u00f1alaron. \u00abEste espacio reivindica el liderazgo de Cristina Kirchner y la conducci\u00f3n de Jorge Ferraresi en Avellaneda\u00bb, destacaron en el lanzamiento del frente, que&hellip;<\/p>\n","protected":false},"author":1,"featured_media":0,"comment_status":"open","ping_status":"open","sticky":false,"template":"","format":"standard","meta":{"footnotes":""},"categories":[13],"tags":[461,2866,1062],"class_list":["post-68910","post","type-post","status-publish","format-standard","hentry","category-politica","tag-avellaneda","tag-cristina-fernandez","tag-jorge-ferraresi"],"_links":{"self":[{"href":"https:\/\/www.elsindical.com.ar\/notas\/wp-json\/wp\/v2\/posts\/68910","targetHints":{"allow":["GET"]}}],"collection":[{"href":"https:\/\/www.elsindical.com.ar\/notas\/wp-json\/wp\/v2\/posts"}],"about":[{"href":"https:\/\/www.elsindical.com.ar\/notas\/wp-json\/wp\/v2\/types\/post"}],"author":[{"embeddable":true,"href":"https:\/\/www.elsindical.com.ar\/notas\/wp-json\/wp\/v2\/users\/1"}],"replies":[{"embeddable":true,"href":"https:\/\/www.elsindical.com.ar\/notas\/wp-json\/wp\/v2\/comments?post=68910"}],"version-history":[{"count":1,"href":"https:\/\/www.elsindical.com.ar\/notas\/wp-json\/wp\/v2\/posts\/68910\/revisions"}],"predecessor-version":[{"id":68912,"href":"https:\/\/www.elsindical.com.ar\/notas\/wp-json\/wp\/v2\/posts\/68910\/revisions\/68912"}],"wp:attachment":[{"href":"https:\/\/www.elsindical.com.ar\/notas\/wp-json\/wp\/v2\/media?parent=68910"}],"wp:term":[{"taxonomy":"category","embeddable":true,"href":"https:\/\/www.elsindical.com.ar\/notas\/wp-json\/wp\/v2\/categories?post=68910"},{"taxonomy":"post_tag","embeddable":true,"href":"https:\/\/www.elsindical.com.ar\/notas\/wp-json\/wp\/v2\/tags?post=68910"}],"curies":[{"name":"wp","href":"https:\/\/api.w.org\/{rel}","templated":true}]}}