{"id":68894,"date":"2017-06-11T13:17:06","date_gmt":"2017-06-11T16:17:06","guid":{"rendered":"http:\/\/www.elsindical.com.ar\/notas\/?p=68894"},"modified":"2017-06-11T13:18:33","modified_gmt":"2017-06-11T16:18:33","slug":"conozcamos-la-dislexia","status":"publish","type":"post","link":"https:\/\/www.elsindical.com.ar\/notas\/conozcamos-la-dislexia\/","title":{"rendered":"Conozcamos la dislexia"},"content":{"rendered":"<p><a href=\"http:\/\/www.elsindical.com.ar\/notas\/var\/www\/html\/notas\/wp-content\/uploads\/2017\/06\/dislexia-seminario-01.jpg\"><img loading=\"lazy\" decoding=\"async\" class=\"alignnone size-medium wp-image-68902\" src=\"http:\/\/www.elsindical.com.ar\/notas\/var\/www\/html\/notas\/wp-content\/uploads\/2017\/06\/dislexia-seminario-01-300x215.jpg\" alt=\"\" width=\"300\" height=\"215\" srcset=\"https:\/\/www.elsindical.com.ar\/notas\/var\/www\/html\/notas\/wp-content\/uploads\/2017\/06\/dislexia-seminario-01-300x215.jpg 300w, https:\/\/www.elsindical.com.ar\/notas\/var\/www\/html\/notas\/wp-content\/uploads\/2017\/06\/dislexia-seminario-01-419x300.jpg 419w, https:\/\/www.elsindical.com.ar\/notas\/var\/www\/html\/notas\/wp-content\/uploads\/2017\/06\/dislexia-seminario-01.jpg 531w\" sizes=\"auto, (max-width: 300px) 100vw, 300px\" \/><\/a>Con una serie de seminarios, la profesora de ingl\u00e9s Carolina Pedrazzani, ha comenzado la difusi\u00f3n de recomendaciones para padres y docentes orientada a brindar informaci\u00f3n sobre la dislexia, c\u00f3mo ayudar a los chicos a adquirir estrategias de estudio que los ayude a aprender m\u00e1s eficientemente.<\/p>\n<p>El s\u00e1bado 10 de junio, pasadas las 10:00 hs. en el Club Juventud de Bernal, ubicado en Cr\u00e1mer y La Paz del partido de Quilmes, comenz\u00f3 el primer seminario sobre dislexia, con una concurrencia de padres, docentes y estudiantes que tuvieron una activa participaci\u00f3n.<\/p>\n<p>Los puntos relevantes fueron:<\/p>\n<p><strong>\u00bfQu\u00e9 es la dislexia?<\/strong><\/p>\n<p>De acuerdo a la Asociaci\u00f3n Internacional de Dislexia (IDA), la dislexia es un trastorno espec\u00edfico de aprendizaje basado o anclado al lenguaje.<\/p>\n<p>Esto incluye: dificultades en habilidades relacionadas con la lectura, ortograf\u00eda, escritura y la pronunciaci\u00f3n de palabras.<\/p>\n<p>La dislexia no est\u00e1 relacionada a la falta de inteligencia o pocos deseos de aprender. Es simplemente un trastorno que puede ser modificado otorg\u00e1ndoles a los alumnos m\u00e9todos y estrategia adecuados para que ellos puedan sobrellevar estas dificultades.<\/p>\n<p><strong>\u00bfCu\u00e1les son los efectos de la dislexia?<\/strong><\/p>\n<p>La dislexia va m\u00e1s all\u00e1 del aula. Afecta la autoestima, confianza en s\u00ed mismo, la imagen personal, el rendimiento acad\u00e9mico, la conducta. Es decir, la dislexia afecta la personalidad en todo su ser.<\/p>\n<p><strong>Principales signos.<\/strong> Los ni\u00f1os con dislexia experimentan dificultades en:<\/p>\n<p>*Reconocimiento de letras y sonidos.<\/p>\n<p>*Organizaci\u00f3n en la escritura.<\/p>\n<p>*Memorizaci\u00f3n.<\/p>\n<p>*Lectura comprensiva.<\/p>\n<p>*Reaizaci\u00f3n de operaciones matem\u00e1ticas.<\/p>\n<p>*Ortograf\u00eda.<\/p>\n<p>Aprendizaje de una lengua extranjera.<\/p>\n<p><strong>M\u00e9todo Multi-sensorial<\/strong>: Es el uso de los 5 sentidos como ayuda para adquirir y retener nuevos conocimientos.<\/p>\n<p>Mapas mentales<\/p>\n<p>Mnemot\u00e9cnica<\/p>\n<p>Juegos<\/p>\n<p>Carteles<\/p>\n<p>Uso de la tecnolog\u00eda.<\/p>\n<p>&nbsp;<\/p>\n<p>En l\u00edneas generales, desde la period\u00edstico en el seminario qued\u00f3 en evidencia que los establecimientos educativos en la provincia de Buenos Aires no poseen en su mayor\u00eda gabinetes especializados para detectar alumnos con dislexia y su tratamiento, debiendo asumir los costos de los profesionales los padres, la complejidad de detecci\u00f3n lleva a que muchos deban pasar por estudios de oftalm\u00f3logos, neur\u00f3logos, psicopedagogos, otorrinos, fonoad\u00edologos y docentes que colaboren con el seguimiento de los alumnos.<\/p>\n<p>Existe una Ley espec\u00edfica que tutela a los alumnos que tienen certificada la dislexia es la <a href=\"http:\/\/servicios.infoleg.gob.ar\/infolegInternet\/anexos\/265000-269999\/267234\/norma.htm\"><strong>Ley 27.306<\/strong><\/a><\/p>\n<p>Ayuda mucho que quienes padecen autismo realicen actividades vinculadas a la m\u00fasica, el baile o deportes f\u00edsicos.<\/p>\n<p>La creatividad del docente para estimular y motivar los temas de estudio ser\u00e1n un importante beneficio no solo para quienes padecen dislexia, sino que siempre ser\u00e1 beneficioso para el grupo.<\/p>\n<p><strong>Scaffonding<\/strong><\/p>\n<p>En la educaci\u00f3n, el andamiaje se refiere a una variedad de t\u00e9cnicas de instrucci\u00f3n usadas para mover progresivamente a los estudiantes hacia una comprensi\u00f3n m\u00e1s fuerte y, en \u00faltima instancia, una mayor independencia en el proceso de aprendizaje. El t\u00e9rmino mismo ofrece la met\u00e1fora descriptiva relevante: los maestros proporcionan niveles sucesivos de apoyo temporal que ayudan a los estudiantes a alcanzar niveles m\u00e1s altos de comprensi\u00f3n y adquisici\u00f3n de habilidades que no podr\u00edan lograr sin ayuda. Al igual que los andamios f\u00edsicos, las estrategias de apoyo se eliminan gradualmente cuando ya no se necesitan, y el maestro gradualmente transfiere m\u00e1s responsabilidad sobre el proceso de aprendizaje al estudiante.<\/p>\n<p>El andamiaje es ampliamente considerado como un elemento esencial de la ense\u00f1anza eficaz, y todos los maestros -en mayor o menor medida- casi con toda seguridad utilizan varias formas de andamios de instrucci\u00f3n en su ense\u00f1anza.<\/p>\n<p>Para mayor informaci\u00f3n pueden comunicarse con la profesora Pedrazzani y los pr\u00f3ximos seminarios ser\u00e1n el d\u00eda 01 de julio en el Club Juventud de Bernal, Cr\u00e1mer y La Paz, Bernal-Quilmes a las 10:00 hs. y el s\u00e1bado 08 de julio a las 10:00 hs en \u00abScholorum Nautas\u00bb Virrey Cevallos 1292-CABA, en todos los casos contactar a la organizadora para confirmar asistencia. Al celular 15-6370-8090 tambi\u00e9n WhatsApp y al correo <a href=\"mailto:caro-pedra@hotmail.com\">caro-pedra@hotmail.com<\/a><\/p>\n<p><a href=\"http:\/\/www.elsindical.com.ar\/notas\/var\/www\/html\/notas\/wp-content\/uploads\/2017\/06\/dislexia-seminario-02.jpg\"><img loading=\"lazy\" decoding=\"async\" class=\"alignnone size-medium wp-image-68901\" src=\"http:\/\/www.elsindical.com.ar\/notas\/var\/www\/html\/notas\/wp-content\/uploads\/2017\/06\/dislexia-seminario-02-300x192.jpg\" alt=\"\" width=\"300\" height=\"192\" srcset=\"https:\/\/www.elsindical.com.ar\/notas\/var\/www\/html\/notas\/wp-content\/uploads\/2017\/06\/dislexia-seminario-02-300x192.jpg 300w, https:\/\/www.elsindical.com.ar\/notas\/var\/www\/html\/notas\/wp-content\/uploads\/2017\/06\/dislexia-seminario-02-469x300.jpg 469w, https:\/\/www.elsindical.com.ar\/notas\/var\/www\/html\/notas\/wp-content\/uploads\/2017\/06\/dislexia-seminario-02.jpg 738w\" sizes=\"auto, (max-width: 300px) 100vw, 300px\" \/><\/a> <a href=\"http:\/\/www.elsindical.com.ar\/notas\/var\/www\/html\/notas\/wp-content\/uploads\/2017\/06\/dislexia-seminario-03.jpg\"><img loading=\"lazy\" decoding=\"async\" class=\"alignnone size-medium wp-image-68900\" src=\"http:\/\/www.elsindical.com.ar\/notas\/var\/www\/html\/notas\/wp-content\/uploads\/2017\/06\/dislexia-seminario-03-300x225.jpg\" alt=\"\" width=\"300\" height=\"225\" srcset=\"https:\/\/www.elsindical.com.ar\/notas\/var\/www\/html\/notas\/wp-content\/uploads\/2017\/06\/dislexia-seminario-03-300x225.jpg 300w, https:\/\/www.elsindical.com.ar\/notas\/var\/www\/html\/notas\/wp-content\/uploads\/2017\/06\/dislexia-seminario-03-400x300.jpg 400w, https:\/\/www.elsindical.com.ar\/notas\/var\/www\/html\/notas\/wp-content\/uploads\/2017\/06\/dislexia-seminario-03.jpg 738w\" sizes=\"auto, (max-width: 300px) 100vw, 300px\" \/><\/a> <a href=\"http:\/\/www.elsindical.com.ar\/notas\/var\/www\/html\/notas\/wp-content\/uploads\/2017\/06\/dislexia-seminario-04.jpg\"><img loading=\"lazy\" decoding=\"async\" class=\"alignnone size-medium wp-image-68899\" src=\"http:\/\/www.elsindical.com.ar\/notas\/var\/www\/html\/notas\/wp-content\/uploads\/2017\/06\/dislexia-seminario-04-300x225.jpg\" alt=\"\" width=\"300\" height=\"225\" srcset=\"https:\/\/www.elsindical.com.ar\/notas\/var\/www\/html\/notas\/wp-content\/uploads\/2017\/06\/dislexia-seminario-04-300x225.jpg 300w, https:\/\/www.elsindical.com.ar\/notas\/var\/www\/html\/notas\/wp-content\/uploads\/2017\/06\/dislexia-seminario-04-400x300.jpg 400w, https:\/\/www.elsindical.com.ar\/notas\/var\/www\/html\/notas\/wp-content\/uploads\/2017\/06\/dislexia-seminario-04.jpg 738w\" sizes=\"auto, (max-width: 300px) 100vw, 300px\" \/><\/a> <a href=\"http:\/\/www.elsindical.com.ar\/notas\/var\/www\/html\/notas\/wp-content\/uploads\/2017\/06\/dislexia-seminario-05.jpg\"><img loading=\"lazy\" decoding=\"async\" class=\"alignnone size-medium wp-image-68898\" src=\"http:\/\/www.elsindical.com.ar\/notas\/var\/www\/html\/notas\/wp-content\/uploads\/2017\/06\/dislexia-seminario-05-225x300.jpg\" alt=\"\" width=\"225\" height=\"300\" srcset=\"https:\/\/www.elsindical.com.ar\/notas\/var\/www\/html\/notas\/wp-content\/uploads\/2017\/06\/dislexia-seminario-05-225x300.jpg 225w, https:\/\/www.elsindical.com.ar\/notas\/var\/www\/html\/notas\/wp-content\/uploads\/2017\/06\/dislexia-seminario-05.jpg 738w\" sizes=\"auto, (max-width: 225px) 100vw, 225px\" \/><\/a> <a href=\"http:\/\/www.elsindical.com.ar\/notas\/var\/www\/html\/notas\/wp-content\/uploads\/2017\/06\/dislexia-seminario-06.jpg\"><img loading=\"lazy\" decoding=\"async\" class=\"alignnone size-medium wp-image-68897\" src=\"http:\/\/www.elsindical.com.ar\/notas\/var\/www\/html\/notas\/wp-content\/uploads\/2017\/06\/dislexia-seminario-06-300x225.jpg\" alt=\"\" width=\"300\" height=\"225\" srcset=\"https:\/\/www.elsindical.com.ar\/notas\/var\/www\/html\/notas\/wp-content\/uploads\/2017\/06\/dislexia-seminario-06-300x225.jpg 300w, https:\/\/www.elsindical.com.ar\/notas\/var\/www\/html\/notas\/wp-content\/uploads\/2017\/06\/dislexia-seminario-06-400x300.jpg 400w, https:\/\/www.elsindical.com.ar\/notas\/var\/www\/html\/notas\/wp-content\/uploads\/2017\/06\/dislexia-seminario-06.jpg 738w\" sizes=\"auto, (max-width: 300px) 100vw, 300px\" \/><\/a> <a href=\"http:\/\/www.elsindical.com.ar\/notas\/var\/www\/html\/notas\/wp-content\/uploads\/2017\/06\/dislexia-seminario-07.jpg\"><img loading=\"lazy\" decoding=\"async\" class=\"alignnone size-medium wp-image-68896\" src=\"http:\/\/www.elsindical.com.ar\/notas\/var\/www\/html\/notas\/wp-content\/uploads\/2017\/06\/dislexia-seminario-07-300x215.jpg\" alt=\"\" width=\"300\" height=\"215\" srcset=\"https:\/\/www.elsindical.com.ar\/notas\/var\/www\/html\/notas\/wp-content\/uploads\/2017\/06\/dislexia-seminario-07-300x215.jpg 300w, https:\/\/www.elsindical.com.ar\/notas\/var\/www\/html\/notas\/wp-content\/uploads\/2017\/06\/dislexia-seminario-07-418x300.jpg 418w, https:\/\/www.elsindical.com.ar\/notas\/var\/www\/html\/notas\/wp-content\/uploads\/2017\/06\/dislexia-seminario-07.jpg 738w\" sizes=\"auto, (max-width: 300px) 100vw, 300px\" \/><\/a> <a href=\"http:\/\/www.elsindical.com.ar\/notas\/var\/www\/html\/notas\/wp-content\/uploads\/2017\/06\/dislexia-seminario-08.jpg\"><img loading=\"lazy\" decoding=\"async\" class=\"alignnone size-medium wp-image-68895\" src=\"http:\/\/www.elsindical.com.ar\/notas\/var\/www\/html\/notas\/wp-content\/uploads\/2017\/06\/dislexia-seminario-08-300x190.jpg\" alt=\"\" width=\"300\" height=\"190\" srcset=\"https:\/\/www.elsindical.com.ar\/notas\/var\/www\/html\/notas\/wp-content\/uploads\/2017\/06\/dislexia-seminario-08-300x190.jpg 300w, https:\/\/www.elsindical.com.ar\/notas\/var\/www\/html\/notas\/wp-content\/uploads\/2017\/06\/dislexia-seminario-08-473x300.jpg 473w, https:\/\/www.elsindical.com.ar\/notas\/var\/www\/html\/notas\/wp-content\/uploads\/2017\/06\/dislexia-seminario-08.jpg 738w\" sizes=\"auto, (max-width: 300px) 100vw, 300px\" \/><\/a><\/p>\n<p><strong>Por Marcelo Ricardo Hawrylciw<\/strong><\/p>\n","protected":false},"excerpt":{"rendered":"<p>Con una serie de seminarios, la profesora de ingl\u00e9s Carolina Pedrazzani, ha comenzado la difusi\u00f3n de recomendaciones para padres y docentes orientada a brindar informaci\u00f3n sobre la dislexia, c\u00f3mo ayudar a los chicos a adquirir estrategias de estudio que los ayude a aprender m\u00e1s eficientemente. El s\u00e1bado 10 de junio, pasadas las 10:00 hs. en&hellip;<\/p>\n","protected":false},"author":1,"featured_media":0,"comment_status":"open","ping_status":"open","sticky":false,"template":"","format":"standard","meta":{"footnotes":""},"categories":[3],"tags":[26173,497,940,26174,489,11422],"class_list":["post-68894","post","type-post","status-publish","format-standard","hentry","category-capacitacion","tag-dislexia","tag-docentes","tag-estudio","tag-ley-27-306","tag-padres","tag-seminarios"],"_links":{"self":[{"href":"https:\/\/www.elsindical.com.ar\/notas\/wp-json\/wp\/v2\/posts\/68894","targetHints":{"allow":["GET"]}}],"collection":[{"href":"https:\/\/www.elsindical.com.ar\/notas\/wp-json\/wp\/v2\/posts"}],"about":[{"href":"https:\/\/www.elsindical.com.ar\/notas\/wp-json\/wp\/v2\/types\/post"}],"author":[{"embeddable":true,"href":"https:\/\/www.elsindical.com.ar\/notas\/wp-json\/wp\/v2\/users\/1"}],"replies":[{"embeddable":true,"href":"https:\/\/www.elsindical.com.ar\/notas\/wp-json\/wp\/v2\/comments?post=68894"}],"version-history":[{"count":2,"href":"https:\/\/www.elsindical.com.ar\/notas\/wp-json\/wp\/v2\/posts\/68894\/revisions"}],"predecessor-version":[{"id":68904,"href":"https:\/\/www.elsindical.com.ar\/notas\/wp-json\/wp\/v2\/posts\/68894\/revisions\/68904"}],"wp:attachment":[{"href":"https:\/\/www.elsindical.com.ar\/notas\/wp-json\/wp\/v2\/media?parent=68894"}],"wp:term":[{"taxonomy":"category","embeddable":true,"href":"https:\/\/www.elsindical.com.ar\/notas\/wp-json\/wp\/v2\/categories?post=68894"},{"taxonomy":"post_tag","embeddable":true,"href":"https:\/\/www.elsindical.com.ar\/notas\/wp-json\/wp\/v2\/tags?post=68894"}],"curies":[{"name":"wp","href":"https:\/\/api.w.org\/{rel}","templated":true}]}}