{"id":68832,"date":"2017-06-09T16:30:14","date_gmt":"2017-06-09T19:30:14","guid":{"rendered":"http:\/\/www.elsindical.com.ar\/notas\/?p=68832"},"modified":"2017-06-09T16:30:14","modified_gmt":"2017-06-09T19:30:14","slug":"paternal-le-robaron-el-auto-y-lo-recupero-con-un-cadaver-en-el-baul","status":"publish","type":"post","link":"https:\/\/www.elsindical.com.ar\/notas\/paternal-le-robaron-el-auto-y-lo-recupero-con-un-cadaver-en-el-baul\/","title":{"rendered":"Paternal: Le robaron el auto y lo recuper\u00f3 con un cad\u00e1ver en el ba\u00fal"},"content":{"rendered":"<p><em><a href=\"http:\/\/www.elsindical.com.ar\/notas\/var\/www\/html\/notas\/wp-content\/uploads\/2017\/06\/auto-robado-con-cad\u00e1ver.jpg\"><img loading=\"lazy\" decoding=\"async\" class=\"alignnone size-medium wp-image-68833\" src=\"http:\/\/www.elsindical.com.ar\/notas\/var\/www\/html\/notas\/wp-content\/uploads\/2017\/06\/auto-robado-con-cad\u00e1ver-300x158.jpg\" alt=\"\" width=\"300\" height=\"158\" srcset=\"https:\/\/www.elsindical.com.ar\/notas\/var\/www\/html\/notas\/wp-content\/uploads\/2017\/06\/auto-robado-con-cad\u00e1ver-300x158.jpg 300w, https:\/\/www.elsindical.com.ar\/notas\/var\/www\/html\/notas\/wp-content\/uploads\/2017\/06\/auto-robado-con-cad\u00e1ver-500x263.jpg 500w, https:\/\/www.elsindical.com.ar\/notas\/var\/www\/html\/notas\/wp-content\/uploads\/2017\/06\/auto-robado-con-cad\u00e1ver.jpg 680w\" sizes=\"auto, (max-width: 300px) 100vw, 300px\" \/><\/a>\u00a0 El veh\u00edculo fue robado el 27 de mayo en Ramos Mej\u00eda y apareci\u00f3 abandonado este mi\u00e9rcoles en La Paternal. La Comisar\u00eda inform\u00f3 el hallazgo del rodado pero no notaron el cuerpo sin vida hasta que lleg\u00f3 el due\u00f1o del coche. La v\u00edctima fatal se trata de un hombre con la cabeza encintada, en calzones y con un drag\u00f3n tatuado en el hombro.<\/em><\/p>\n<p>El due\u00f1o de un auto que hab\u00eda sido robado el 27 de mayo en la localidad bonaerense de Ramos Mej\u00eda y que hab\u00eda aparecido el mi\u00e9rcoles abandonado en el barrio porte\u00f1o de La Paternal, fue a buscar este viernes el veh\u00edculo a la comisar\u00eda 41 de la Polic\u00eda de la Ciudad y al abrir el ba\u00fal encontr\u00f3 un cad\u00e1ver embalado que la polic\u00eda no hab\u00eda detectado, informaron fuentes policiales.<\/p>\n<p>El cuerpo apareci\u00f3 envuelto en una bolsa en el ba\u00fal del Peugeot 208. El veh\u00edculo se encontraba abandonado en la calle Avalos al 200.<\/p>\n<p>El cad\u00e1ver se tratar\u00eda de un hombre de entre 35 y 40 a\u00f1os de edad que se encontraba vestido con calzones y con la cabeza encintada. El cuerpo no presenta heridas visibles y tiene un drag\u00f3n tatuado en el hombro.<\/p>\n","protected":false},"excerpt":{"rendered":"<p>\u00a0 El veh\u00edculo fue robado el 27 de mayo en Ramos Mej\u00eda y apareci\u00f3 abandonado este mi\u00e9rcoles en La Paternal. La Comisar\u00eda inform\u00f3 el hallazgo del rodado pero no notaron el cuerpo sin vida hasta que lleg\u00f3 el due\u00f1o del coche. La v\u00edctima fatal se trata de un hombre con la cabeza encintada, en calzones&hellip;<\/p>\n","protected":false},"author":1,"featured_media":0,"comment_status":"open","ping_status":"open","sticky":false,"template":"","format":"standard","meta":{"footnotes":""},"categories":[22],"tags":[1050,2409,1054,1252,116],"class_list":["post-68832","post","type-post","status-publish","format-standard","hentry","category-policiales","tag-auto","tag-cadaver","tag-paternal","tag-ramos-mejia","tag-robo"],"_links":{"self":[{"href":"https:\/\/www.elsindical.com.ar\/notas\/wp-json\/wp\/v2\/posts\/68832","targetHints":{"allow":["GET"]}}],"collection":[{"href":"https:\/\/www.elsindical.com.ar\/notas\/wp-json\/wp\/v2\/posts"}],"about":[{"href":"https:\/\/www.elsindical.com.ar\/notas\/wp-json\/wp\/v2\/types\/post"}],"author":[{"embeddable":true,"href":"https:\/\/www.elsindical.com.ar\/notas\/wp-json\/wp\/v2\/users\/1"}],"replies":[{"embeddable":true,"href":"https:\/\/www.elsindical.com.ar\/notas\/wp-json\/wp\/v2\/comments?post=68832"}],"version-history":[{"count":1,"href":"https:\/\/www.elsindical.com.ar\/notas\/wp-json\/wp\/v2\/posts\/68832\/revisions"}],"predecessor-version":[{"id":68834,"href":"https:\/\/www.elsindical.com.ar\/notas\/wp-json\/wp\/v2\/posts\/68832\/revisions\/68834"}],"wp:attachment":[{"href":"https:\/\/www.elsindical.com.ar\/notas\/wp-json\/wp\/v2\/media?parent=68832"}],"wp:term":[{"taxonomy":"category","embeddable":true,"href":"https:\/\/www.elsindical.com.ar\/notas\/wp-json\/wp\/v2\/categories?post=68832"},{"taxonomy":"post_tag","embeddable":true,"href":"https:\/\/www.elsindical.com.ar\/notas\/wp-json\/wp\/v2\/tags?post=68832"}],"curies":[{"name":"wp","href":"https:\/\/api.w.org\/{rel}","templated":true}]}}