{"id":68759,"date":"2017-06-07T09:29:12","date_gmt":"2017-06-07T12:29:12","guid":{"rendered":"http:\/\/www.elsindical.com.ar\/notas\/?p=68759"},"modified":"2017-06-07T09:29:12","modified_gmt":"2017-06-07T12:29:12","slug":"florencio-varela-desarticulan-banda-de-falsos-policias","status":"publish","type":"post","link":"https:\/\/www.elsindical.com.ar\/notas\/florencio-varela-desarticulan-banda-de-falsos-policias\/","title":{"rendered":"Florencio Varela: Desarticulan banda de falsos polic\u00edas"},"content":{"rendered":"<p><em><a href=\"http:\/\/www.elsindical.com.ar\/notas\/var\/www\/html\/notas\/wp-content\/uploads\/2017\/06\/secuestro-objetos-banda-falsos-polic\u00edas.jpg\"><img loading=\"lazy\" decoding=\"async\" class=\"alignnone size-medium wp-image-68760\" src=\"http:\/\/www.elsindical.com.ar\/notas\/var\/www\/html\/notas\/wp-content\/uploads\/2017\/06\/secuestro-objetos-banda-falsos-polic\u00edas-300x158.jpg\" alt=\"\" width=\"300\" height=\"158\" srcset=\"https:\/\/www.elsindical.com.ar\/notas\/var\/www\/html\/notas\/wp-content\/uploads\/2017\/06\/secuestro-objetos-banda-falsos-polic\u00edas-300x158.jpg 300w, https:\/\/www.elsindical.com.ar\/notas\/var\/www\/html\/notas\/wp-content\/uploads\/2017\/06\/secuestro-objetos-banda-falsos-polic\u00edas-500x263.jpg 500w, https:\/\/www.elsindical.com.ar\/notas\/var\/www\/html\/notas\/wp-content\/uploads\/2017\/06\/secuestro-objetos-banda-falsos-polic\u00edas.jpg 680w\" sizes=\"auto, (max-width: 300px) 100vw, 300px\" \/><\/a>\u00a0 Ocurri\u00f3 en Florencio Varela. Incautaron armas y chalecos. Los delincuentes apresados son tres hombres de 35,33 y 19 a\u00f1os y dos mujeres de 36 y 22.<\/em><\/p>\n<p>Cinco marginales -tres hombres y dos mujeres- fueron detenidos por los pesquisas en la localidad bonaerense de Florencio Varela al estar sindicados como integrantes de una peligrosa banda de falsos polic\u00edas, autora de diferentes asaltos consumados recientemente.<\/p>\n<p>Los voceros del departamento judicial de Quilmes revelaron que los delincuentes resultaron ser tres individuos de 35, 33 y 19 a\u00f1os, y dos mujeres de 36 y 22.<br \/>\n<strong>Allanamientos<\/strong><br \/>\nTrascendi\u00f3 que los procedimientos, a cargo de los integrantes de la comisar\u00eda 2\u00aa del citado distrito, se realizaron en fincas situadas en el cruce de La Argentina y pasaje Darragueira, y en la esquina de los pasajes Darragueira y 12, en el sur del conurbano provincial.<\/p>\n<p>En estas diligencias, los servidores p\u00fablicos de la seccional incautaron, entre otros objetos, una pistola Colt 11.25 con la inscripci\u00f3n Direcci\u00f3n General de Fabricaciones Militares (DGFM) y el escudo de la Rep\u00fablica Argentina, un rev\u00f3lver Italo Gra 32 largo, numerosas municiones, dos chalecos antibalas, un chaleco refractario, dos handies, dos m\u00e1scaras, una peluca con extensiones, un escudo de la Polic\u00eda Federal, un filosa hacha provista de un mango de madera, un destornillador, llaveros, tres cascos negros utilizados por conductores de motoveh\u00edculos, una motocicleta Motomel de 110 cc y varias tarjetas SUBE, que se presume habr\u00edan sido sustra\u00eddas por los forajidos.<\/p>\n<p>De acuerdo con lo manifestado por los informantes, uno de los chalecos antibalas secuestrados en dichos operativos ten\u00eda pedido de secuestro, ya que hab\u00eda sido robado en Dock Sud, en el partido de Avellaneda.<\/p>\n<p>Autoridades policiales destinadas en la Direcci\u00f3n Departamental de Investigaciones de Quilmes colaboraron para llevar adelante los diferentes allanamientos. Se asegura que la gavilla desarticulada por la Justicia es responsables de varios asaltos que fueron consumados de manera reciente.<\/p>\n<p>Intervinieron en la causa la Unidad Funcional N\u00ba 5 de Florencio Varela y el Juzgado de Garant\u00edas N\u00ba 6, ambos pertenecientes a los tribunales de Quilmes.<\/p>\n","protected":false},"excerpt":{"rendered":"<p>\u00a0 Ocurri\u00f3 en Florencio Varela. Incautaron armas y chalecos. Los delincuentes apresados son tres hombres de 35,33 y 19 a\u00f1os y dos mujeres de 36 y 22. Cinco marginales -tres hombres y dos mujeres- fueron detenidos por los pesquisas en la localidad bonaerense de Florencio Varela al estar sindicados como integrantes de una peligrosa banda&hellip;<\/p>\n","protected":false},"author":1,"featured_media":0,"comment_status":"open","ping_status":"open","sticky":false,"template":"","format":"standard","meta":{"footnotes":""},"categories":[22],"tags":[493,3841,1307,684],"class_list":["post-68759","post","type-post","status-publish","format-standard","hentry","category-policiales","tag-allanamientos","tag-falsos-policias","tag-florencio-varela","tag-quilmes"],"_links":{"self":[{"href":"https:\/\/www.elsindical.com.ar\/notas\/wp-json\/wp\/v2\/posts\/68759","targetHints":{"allow":["GET"]}}],"collection":[{"href":"https:\/\/www.elsindical.com.ar\/notas\/wp-json\/wp\/v2\/posts"}],"about":[{"href":"https:\/\/www.elsindical.com.ar\/notas\/wp-json\/wp\/v2\/types\/post"}],"author":[{"embeddable":true,"href":"https:\/\/www.elsindical.com.ar\/notas\/wp-json\/wp\/v2\/users\/1"}],"replies":[{"embeddable":true,"href":"https:\/\/www.elsindical.com.ar\/notas\/wp-json\/wp\/v2\/comments?post=68759"}],"version-history":[{"count":1,"href":"https:\/\/www.elsindical.com.ar\/notas\/wp-json\/wp\/v2\/posts\/68759\/revisions"}],"predecessor-version":[{"id":68761,"href":"https:\/\/www.elsindical.com.ar\/notas\/wp-json\/wp\/v2\/posts\/68759\/revisions\/68761"}],"wp:attachment":[{"href":"https:\/\/www.elsindical.com.ar\/notas\/wp-json\/wp\/v2\/media?parent=68759"}],"wp:term":[{"taxonomy":"category","embeddable":true,"href":"https:\/\/www.elsindical.com.ar\/notas\/wp-json\/wp\/v2\/categories?post=68759"},{"taxonomy":"post_tag","embeddable":true,"href":"https:\/\/www.elsindical.com.ar\/notas\/wp-json\/wp\/v2\/tags?post=68759"}],"curies":[{"name":"wp","href":"https:\/\/api.w.org\/{rel}","templated":true}]}}