{"id":68757,"date":"2017-06-07T00:25:09","date_gmt":"2017-06-07T03:25:09","guid":{"rendered":"http:\/\/www.elsindical.com.ar\/notas\/?p=68757"},"modified":"2017-06-07T00:25:09","modified_gmt":"2017-06-07T03:25:09","slug":"los-diputados-se-aumentaron-un-130","status":"publish","type":"post","link":"https:\/\/www.elsindical.com.ar\/notas\/los-diputados-se-aumentaron-un-130\/","title":{"rendered":"Los diputados se aumentaron un 130%"},"content":{"rendered":"<p><em><a href=\"http:\/\/www.elsindical.com.ar\/notas\/var\/www\/html\/notas\/wp-content\/uploads\/2012\/08\/festejos-C\u00e1mara-de-Diputados.jpg\"><img loading=\"lazy\" decoding=\"async\" class=\"alignnone size-medium wp-image-26215\" src=\"http:\/\/www.elsindical.com.ar\/notas\/var\/www\/html\/notas\/wp-content\/uploads\/2012\/08\/festejos-C\u00e1mara-de-Diputados-300x193.jpg\" alt=\"\" width=\"300\" height=\"193\" srcset=\"https:\/\/www.elsindical.com.ar\/notas\/var\/www\/html\/notas\/wp-content\/uploads\/2012\/08\/festejos-C\u00e1mara-de-Diputados-300x193.jpg 300w, https:\/\/www.elsindical.com.ar\/notas\/var\/www\/html\/notas\/wp-content\/uploads\/2012\/08\/festejos-C\u00e1mara-de-Diputados.jpg 413w\" sizes=\"auto, (max-width: 300px) 100vw, 300px\" \/><\/a>Los diputados se dan un aumento de hasta 30 mil pesos para gastos extra<\/em><\/p>\n<p>El presidente de la C\u00e1mara de Diputados de la Naci\u00f3n, Emilio Monz\u00f3 (PRO), oficializ\u00f3 este martes un aumento extraordinario para los integrantes de ese cuerpo de hasta 30 mil pesos s\u00f3lo por gastos de representaci\u00f3n y el canje de pasajes a\u00e9reos.<\/p>\n<p>En l\u00ednea con el pedido realizado la semana pasada por los jefes de distintas bancadas Monz\u00f3 dispuso un aumento del 100% en los gastos de representaci\u00f3n que as\u00ed pasar\u00e1n de 10 mil a 20 mil pesos y un aumento del 107,25% en los pasajes a\u00e9reos que pueden canjear por dinero que se incrementa as\u00ed desde 19.300 hasta 40 mil pesos.<\/p>\n","protected":false},"excerpt":{"rendered":"<p>Los diputados se dan un aumento de hasta 30 mil pesos para gastos extra El presidente de la C\u00e1mara de Diputados de la Naci\u00f3n, Emilio Monz\u00f3 (PRO), oficializ\u00f3 este martes un aumento extraordinario para los integrantes de ese cuerpo de hasta 30 mil pesos s\u00f3lo por gastos de representaci\u00f3n y el canje de pasajes a\u00e9reos.&hellip;<\/p>\n","protected":false},"author":1,"featured_media":0,"comment_status":"open","ping_status":"open","sticky":false,"template":"","format":"standard","meta":{"footnotes":""},"categories":[13],"tags":[357,86,1377,23146,328],"class_list":["post-68757","post","type-post","status-publish","format-standard","hentry","category-politica","tag-aumento","tag-congreso","tag-diputados","tag-emilio-monzo","tag-pro"],"_links":{"self":[{"href":"https:\/\/www.elsindical.com.ar\/notas\/wp-json\/wp\/v2\/posts\/68757","targetHints":{"allow":["GET"]}}],"collection":[{"href":"https:\/\/www.elsindical.com.ar\/notas\/wp-json\/wp\/v2\/posts"}],"about":[{"href":"https:\/\/www.elsindical.com.ar\/notas\/wp-json\/wp\/v2\/types\/post"}],"author":[{"embeddable":true,"href":"https:\/\/www.elsindical.com.ar\/notas\/wp-json\/wp\/v2\/users\/1"}],"replies":[{"embeddable":true,"href":"https:\/\/www.elsindical.com.ar\/notas\/wp-json\/wp\/v2\/comments?post=68757"}],"version-history":[{"count":1,"href":"https:\/\/www.elsindical.com.ar\/notas\/wp-json\/wp\/v2\/posts\/68757\/revisions"}],"predecessor-version":[{"id":68758,"href":"https:\/\/www.elsindical.com.ar\/notas\/wp-json\/wp\/v2\/posts\/68757\/revisions\/68758"}],"wp:attachment":[{"href":"https:\/\/www.elsindical.com.ar\/notas\/wp-json\/wp\/v2\/media?parent=68757"}],"wp:term":[{"taxonomy":"category","embeddable":true,"href":"https:\/\/www.elsindical.com.ar\/notas\/wp-json\/wp\/v2\/categories?post=68757"},{"taxonomy":"post_tag","embeddable":true,"href":"https:\/\/www.elsindical.com.ar\/notas\/wp-json\/wp\/v2\/tags?post=68757"}],"curies":[{"name":"wp","href":"https:\/\/api.w.org\/{rel}","templated":true}]}}