{"id":68694,"date":"2017-06-05T11:38:08","date_gmt":"2017-06-05T14:38:08","guid":{"rendered":"http:\/\/www.elsindical.com.ar\/notas\/?p=68694"},"modified":"2017-06-05T11:38:08","modified_gmt":"2017-06-05T14:38:08","slug":"aseguran-que-se-duplico-servicio-de-combis-y-micros-truchos","status":"publish","type":"post","link":"https:\/\/www.elsindical.com.ar\/notas\/aseguran-que-se-duplico-servicio-de-combis-y-micros-truchos\/","title":{"rendered":"Aseguran que se duplic\u00f3 servicio de combis y micros \u00abtruchos\u00bb"},"content":{"rendered":"<p><em><a href=\"http:\/\/www.elsindical.com.ar\/notas\/var\/www\/html\/notas\/wp-content\/uploads\/2017\/06\/combis-truchas.jpg\"><img loading=\"lazy\" decoding=\"async\" class=\"alignnone size-medium wp-image-68695\" src=\"http:\/\/www.elsindical.com.ar\/notas\/var\/www\/html\/notas\/wp-content\/uploads\/2017\/06\/combis-truchas-300x169.jpg\" alt=\"\" width=\"300\" height=\"169\" srcset=\"https:\/\/www.elsindical.com.ar\/notas\/var\/www\/html\/notas\/wp-content\/uploads\/2017\/06\/combis-truchas-300x169.jpg 300w, https:\/\/www.elsindical.com.ar\/notas\/var\/www\/html\/notas\/wp-content\/uploads\/2017\/06\/combis-truchas-500x281.jpg 500w, https:\/\/www.elsindical.com.ar\/notas\/var\/www\/html\/notas\/wp-content\/uploads\/2017\/06\/combis-truchas.jpg 640w\" sizes=\"auto, (max-width: 300px) 100vw, 300px\" \/><\/a>\u00a0 El servicio de combis y micros clandestino que circula entre la Capital Federal y el Conurbano bonaerense se duplic\u00f3 en los \u00faltimos dos a\u00f1os, seg\u00fan un informe reciente de la Comisi\u00f3n Nacional de Familiares de V\u00edctimas del Transporte P\u00fablico.<\/em><\/p>\n<p>En total, la CNVTP inform\u00f3 que son unas 8.400 unidades clandestinas que transportan a poco m\u00e1s de un mill\u00f3n de personas desde distintos puntos del Gran Buenos Aires a la Ciudad.<\/p>\n<p>El n\u00famero se sigue acercando a las reguladas, que llega a 12.000 veh\u00edculos.<\/p>\n<p>Con respecto a \u00e9sta problem\u00e1tica, el titular de la CNVTP, Mart\u00edn Lescano, explic\u00f3: \u00abEntre muertos y heridos con secuelas irreparables dentro de estos veh\u00edculos ya tenemos casi 1.200, un n\u00famero que asusta y es, por ejemplo, casi el doble que los 649 ca\u00eddos en la guerra de Malvinas\u00bb.<\/p>\n<p>\u00abLa problem\u00e1tica de los truchos y la impunidad que generan es visible cuando uno va a Plaza Constituci\u00f3n, al Correo Central, a Plaza Once, al Puente Saavedra, al Luna Park a Avenida de Mayo o a Avenida Alem. Las principales paradas est\u00e1n en lugares c\u00e9ntricos, a la vista de todos. Y, en cuanto a n\u00famero, cada vez est\u00e1n m\u00e1s a la par de los colectivos de l\u00ednea\u00bb, sostuvo.<\/p>\n<p>El especialista confi\u00f3 que si bien \u00abhay una competencia desleal hacia las empresas reguladas que tributan al Estado Nacional y pagan sueldos\u00bb, el problema principal es \u00abla inacci\u00f3n en los controles del propio Estado, puntualmente la Comisi\u00f3n Nacional de Regulaci\u00f3n del Transporte (CNRT)\u00bb.<\/p>\n","protected":false},"excerpt":{"rendered":"<p>\u00a0 El servicio de combis y micros clandestino que circula entre la Capital Federal y el Conurbano bonaerense se duplic\u00f3 en los \u00faltimos dos a\u00f1os, seg\u00fan un informe reciente de la Comisi\u00f3n Nacional de Familiares de V\u00edctimas del Transporte P\u00fablico. En total, la CNVTP inform\u00f3 que son unas 8.400 unidades clandestinas que transportan a poco&hellip;<\/p>\n","protected":false},"author":1,"featured_media":0,"comment_status":"open","ping_status":"open","sticky":false,"template":"","format":"standard","meta":{"footnotes":""},"categories":[6],"tags":[26120,3942,1721],"class_list":["post-68694","post","type-post","status-publish","format-standard","hentry","category-denuncias","tag-cnvtp","tag-combis","tag-micros"],"_links":{"self":[{"href":"https:\/\/www.elsindical.com.ar\/notas\/wp-json\/wp\/v2\/posts\/68694","targetHints":{"allow":["GET"]}}],"collection":[{"href":"https:\/\/www.elsindical.com.ar\/notas\/wp-json\/wp\/v2\/posts"}],"about":[{"href":"https:\/\/www.elsindical.com.ar\/notas\/wp-json\/wp\/v2\/types\/post"}],"author":[{"embeddable":true,"href":"https:\/\/www.elsindical.com.ar\/notas\/wp-json\/wp\/v2\/users\/1"}],"replies":[{"embeddable":true,"href":"https:\/\/www.elsindical.com.ar\/notas\/wp-json\/wp\/v2\/comments?post=68694"}],"version-history":[{"count":1,"href":"https:\/\/www.elsindical.com.ar\/notas\/wp-json\/wp\/v2\/posts\/68694\/revisions"}],"predecessor-version":[{"id":68696,"href":"https:\/\/www.elsindical.com.ar\/notas\/wp-json\/wp\/v2\/posts\/68694\/revisions\/68696"}],"wp:attachment":[{"href":"https:\/\/www.elsindical.com.ar\/notas\/wp-json\/wp\/v2\/media?parent=68694"}],"wp:term":[{"taxonomy":"category","embeddable":true,"href":"https:\/\/www.elsindical.com.ar\/notas\/wp-json\/wp\/v2\/categories?post=68694"},{"taxonomy":"post_tag","embeddable":true,"href":"https:\/\/www.elsindical.com.ar\/notas\/wp-json\/wp\/v2\/tags?post=68694"}],"curies":[{"name":"wp","href":"https:\/\/api.w.org\/{rel}","templated":true}]}}