{"id":68672,"date":"2017-06-04T18:53:18","date_gmt":"2017-06-04T21:53:18","guid":{"rendered":"http:\/\/www.elsindical.com.ar\/notas\/?p=68672"},"modified":"2017-06-04T18:53:18","modified_gmt":"2017-06-04T21:53:18","slug":"avellaneda-el-cobro-de-emergentologia-y-proteccion-ciudadana-es-una-estafa","status":"publish","type":"post","link":"https:\/\/www.elsindical.com.ar\/notas\/avellaneda-el-cobro-de-emergentologia-y-proteccion-ciudadana-es-una-estafa\/","title":{"rendered":"Avellaneda: El cobro de emergentolog\u00eda y protecci\u00f3n ciudadana es una estafa"},"content":{"rendered":"<p><em>\u00a0<a href=\"http:\/\/www.elsindical.com.ar\/notas\/var\/www\/html\/notas\/wp-content\/uploads\/2017\/06\/TSG-Avellaneda.jpg\"><img loading=\"lazy\" decoding=\"async\" class=\"alignnone size-medium wp-image-68673\" src=\"http:\/\/www.elsindical.com.ar\/notas\/var\/www\/html\/notas\/wp-content\/uploads\/2017\/06\/TSG-Avellaneda-300x223.jpg\" alt=\"\" width=\"300\" height=\"223\" srcset=\"https:\/\/www.elsindical.com.ar\/notas\/var\/www\/html\/notas\/wp-content\/uploads\/2017\/06\/TSG-Avellaneda-300x223.jpg 300w, https:\/\/www.elsindical.com.ar\/notas\/var\/www\/html\/notas\/wp-content\/uploads\/2017\/06\/TSG-Avellaneda-403x300.jpg 403w, https:\/\/www.elsindical.com.ar\/notas\/var\/www\/html\/notas\/wp-content\/uploads\/2017\/06\/TSG-Avellaneda.jpg 531w\" sizes=\"auto, (max-width: 300px) 100vw, 300px\" \/><\/a>\u00a0 La TSG del municipio de Avellaneda, incluye entre sus cobros, P. CIUDADANA Y EMERGENTOLOGIA + ASIST. CENTROS JUB. Y CLUBES BARRIO, en la factura que tuvimos frente a nosotros los montos eran de $70.-para el primero y $ 5.- para el segundo \u00edtem.<\/em><\/p>\n<p>Vayamos primero a lo que se define como estafa, para utilizar un t\u00e9rmino jur\u00eddico, la estafa se vincula al fraude y al enga\u00f1o, pero esta se define as\u00ed cuando afecta tanto la propiedad como el patrimonio.<\/p>\n<p>El n\u00facleo del tipo penal de estafa consiste en el enga\u00f1o. El sujeto activo del delito se hace entregar un bien patrimonial, por medio del enga\u00f1o; es decir, haciendo creer la existencia de algo que en realidad no existe.<\/p>\n<p>Son innumerables las publicaciones de vecinos que reclaman la falta de seguridad y en paralelo el cuerpo de Protecci\u00f3n Ciudadana del municipio se fue reduciendo en efectivos y en recursos, hoy casi no funciona y los pocos protectores no ahorran criticas al municipio por su situaci\u00f3n, de hecho ya ni la funci\u00f3n de seguridad pueden cumplir al no estar como antes acompa\u00f1ados por un polic\u00eda, seg\u00fan confesaron ellos mismos, solo pueden pedir el apoyo de la polic\u00eda pero no intervenir, algo que resulta rid\u00edculo, ya que no previenen, tampoco intervienen, su funci\u00f3n actual la cumple cualquier vecino que ve un delito.<\/p>\n<p>Por el otro lado, el tema de la falta de ambulancias es a\u00fan m\u00e1s grave, no existen unidades de emergencia, las pocas dos unidades de la UEV no poseen el equipamiento m\u00ednimo de una ambulancia de emergencia y las demoras en las emergencias hacen que el 90% de los traslados terminan haci\u00e9ndolo vecinos o la polic\u00eda.<\/p>\n<p>Con esto resulta claro que el dinero recaudado con la TSG, deber\u00eda ser rendido como corresponde y los impresentables sentados en el HCD deber\u00edan explicarnos por qu\u00e9 sigue pasando esto en Avellaneda, hay que entender de una buena vez que no se puede jugar con la vida de los vecinos.<\/p>\n<p>Hace unas horas inform\u00e1bamos sobre un incidente con un herido en Wilde, m\u00e1s tarde un hombre sufri\u00f3 un infarto en la localidad de Gerli cuando se encontraba junto a su familia, lleg\u00f3 un m\u00f3vil del Comando de Patrullas, el cual ante la demora de la ambulancia y el riesgo de vida, traslad\u00f3 al vecino con urgencia al Hospital Presidente Per\u00f3n, donde lleg\u00f3 en paro y debieron reanimarlo en la guardia, salvando su vida mediante el uso del desfibrilador.<\/p>\n<p>Vale aclarar que estos hechos muchas veces no se conocen y que gracias a las publicaciones los vecinos se ponen en contacto para denunciar las irregularidades, los pol\u00edticos, \u00bfseguir\u00e1n mirando para otro lado?.<\/p>\n<p>&nbsp;<\/p>\n<p>Por Marcelo Ricardo Hawrylciw<\/p>\n","protected":false},"excerpt":{"rendered":"<p>\u00a0\u00a0 La TSG del municipio de Avellaneda, incluye entre sus cobros, P. CIUDADANA Y EMERGENTOLOGIA + ASIST. CENTROS JUB. Y CLUBES BARRIO, en la factura que tuvimos frente a nosotros los montos eran de $70.-para el primero y $ 5.- para el segundo \u00edtem. Vayamos primero a lo que se define como estafa, para utilizar&hellip;<\/p>\n","protected":false},"author":1,"featured_media":0,"comment_status":"open","ping_status":"open","sticky":false,"template":"","format":"standard","meta":{"footnotes":""},"categories":[10],"tags":[9820,461,16587,18661,17592,26116],"class_list":["post-68672","post","type-post","status-publish","format-standard","hentry","category-editorial","tag-ambulancias","tag-avellaneda","tag-hcd","tag-proteccion-ciudadana","tag-tsg","tag-uev"],"_links":{"self":[{"href":"https:\/\/www.elsindical.com.ar\/notas\/wp-json\/wp\/v2\/posts\/68672","targetHints":{"allow":["GET"]}}],"collection":[{"href":"https:\/\/www.elsindical.com.ar\/notas\/wp-json\/wp\/v2\/posts"}],"about":[{"href":"https:\/\/www.elsindical.com.ar\/notas\/wp-json\/wp\/v2\/types\/post"}],"author":[{"embeddable":true,"href":"https:\/\/www.elsindical.com.ar\/notas\/wp-json\/wp\/v2\/users\/1"}],"replies":[{"embeddable":true,"href":"https:\/\/www.elsindical.com.ar\/notas\/wp-json\/wp\/v2\/comments?post=68672"}],"version-history":[{"count":1,"href":"https:\/\/www.elsindical.com.ar\/notas\/wp-json\/wp\/v2\/posts\/68672\/revisions"}],"predecessor-version":[{"id":68674,"href":"https:\/\/www.elsindical.com.ar\/notas\/wp-json\/wp\/v2\/posts\/68672\/revisions\/68674"}],"wp:attachment":[{"href":"https:\/\/www.elsindical.com.ar\/notas\/wp-json\/wp\/v2\/media?parent=68672"}],"wp:term":[{"taxonomy":"category","embeddable":true,"href":"https:\/\/www.elsindical.com.ar\/notas\/wp-json\/wp\/v2\/categories?post=68672"},{"taxonomy":"post_tag","embeddable":true,"href":"https:\/\/www.elsindical.com.ar\/notas\/wp-json\/wp\/v2\/tags?post=68672"}],"curies":[{"name":"wp","href":"https:\/\/api.w.org\/{rel}","templated":true}]}}